{"id":32121,"date":"2025-05-29T10:36:35","date_gmt":"2025-05-29T07:36:35","guid":{"rendered":"https:\/\/www.egemtv.com\/?p=32121"},"modified":"2025-05-29T10:36:38","modified_gmt":"2025-05-29T07:36:38","slug":"acipayam-halk-egitim-merkezi-kursiyerlerinin-el-emegi-urunleri-gorucuye-cikti","status":"publish","type":"post","link":"https:\/\/www.egemtv.com\/?p=32121","title":{"rendered":"Ac\u0131payam Halk E\u011fitim Merkezi kursiyerlerinin el eme\u011fi \u00fcr\u00fcnleri g\u00f6r\u00fcc\u00fcye \u00e7\u0131kt\u0131"},"content":{"rendered":"<p>Ac\u0131payam Halk E\u011fitimi Merkezi M\u00fcd\u00fcrl\u00fc\u011f\u00fc taraf\u0131ndan 2024-2025 e\u011fitim \u00f6\u011fretim y\u0131l\u0131 Hayat Boyu \u00d6\u011frenme Haftas\u0131 Etkinlikleri kapsam\u0131nda kursiyerlerin y\u0131l boyunca el emekleri ve g\u00f6z nuru ile haz\u0131rlad\u0131klar\u0131 \u00fcr\u00fcnlerinin yer ald\u0131\u011f\u0131 y\u0131l sonu sergisinin a\u00e7\u0131l\u0131\u015f\u0131 yap\u0131ld\u0131.<br \/>\n<br \/>Hayat Boyu \u00d6\u011frenme Haftas\u0131 etkinlikleri kapsam\u0131nda Ac\u0131payam Halk E\u011fitim M\u00fcd\u00fcrl\u00fc\u011f\u00fc taraf\u0131ndan e\u011fitim verilen kursiyerlerin haz\u0131rlad\u0131klar\u0131 el emekleri g\u00f6r\u00fcc\u00fcye \u00e7\u0131kt\u0131. Ac\u0131payam Gen\u00e7lik ve K\u00fclt\u00fcr Merkezinde ger\u00e7ekle\u015ftirilen serginin a\u00e7\u0131l\u0131\u015f program\u0131na Ac\u0131payam Kaymakam\u0131 Ramazan Cankalo\u011flu, Ac\u0131payam Belediye Ba\u015fkan\u0131 Levent Y\u0131ld\u0131r\u0131m, Cumhuriyet Ba\u015fsavc\u0131s\u0131 Tu\u011fba Y\u0131ld\u0131z, \u0130l\u00e7e Emniyet M\u00fcd\u00fcr\u00fc Ferhat K\u00fc\u00e7\u00fckyal\u0131m, \u0130l\u00e7e Jandarma Komutan\u0131 Semih Karaka\u015f, \u0130l\u00e7e Milli E\u011fitim M\u00fcd\u00fcr\u00fc S\u00fcleyman \u0130zgi, Halk E\u011fitimi Merkezi M\u00fcd\u00fcr\u00fc Mehmet Sel\u00e7uk, Oda ve Dernek Ba\u015fkanlar\u0131, mahalle muhtarlar\u0131, siyasi parti temsilcileri, kurum ve daire amirleri, okul m\u00fcd\u00fcrleri, sivil toplum kurulu\u015flar\u0131, kursiyerler ve vatanda\u015flar kat\u0131ld\u0131.<br \/>\n<br \/>Sayg\u0131 duru\u015fu ve \u0130stiklal Mar\u015f\u0131m\u0131z\u0131n okunmas\u0131 ile ba\u015flayan a\u00e7\u0131l\u0131\u015f program\u0131 halk oyunlar\u0131 ekiplerinin g\u00f6sterileri, program miniklerin defile sunumu ve Ac\u0131payam Halk E\u011fitimi Merkezi \u00f6\u011fretmen ve kursiyerlerinden olu\u015fan m\u00fczik grubunun keman konseri ile devam etti.<br \/>\n<br \/>Program\u0131n a\u00e7\u0131l\u0131\u015f konu\u015fmas\u0131n\u0131 yapan Ac\u0131payam Halk E\u011fitimi Merkezi m\u00fcd\u00fcr\u00fc Mehmet Sel\u00e7uk, konu\u015fmas\u0131nda ; &#8220;Kurum olarak e\u011fitim \u00f6\u011fretim y\u0131l\u0131n\u0131n a\u00e7\u0131lmas\u0131ndan bu yana bir \u00e7ok farkl\u0131  alanda kurs a\u00e7t\u0131klar\u0131n\u0131 ve kurslara devam eden kursiyerlerin aile b\u00fct\u00e7elerine maddi destek sa\u011flad\u0131klar\u0131n\u0131 s\u00f6yleyerek kurslar\u0131n a\u00e7\u0131lmas\u0131nda eme\u011fi ge\u00e7en herkese te\u015fekk\u00fcr etti\u2019\u2019 dedi.<br \/>\n<br \/>Etkinliklerde yerel sanat\u00e7\u0131lar\u0131n ak\u015fam verdi\u011fi konser de yer ald\u0131.<br \/><\/p>\n","protected":false},"excerpt":{"rendered":"<p>Ac\u0131payam Halk E\u011fitimi Merkezi M\u00fcd\u00fcrl\u00fc\u011f\u00fc taraf\u0131ndan 2024-2025 e\u011fitim \u00f6\u011fretim y\u0131l\u0131 Hayat Boyu \u00d6\u011frenme Haftas\u0131 Etkinlikleri kapsam\u0131nda kursiyerlerin y\u0131l boyunca el emekleri ve g\u00f6z nuru ile haz\u0131rlad\u0131klar\u0131 \u00fcr\u00fcnlerinin yer ald\u0131\u011f\u0131 y\u0131l sonu sergisinin a\u00e7\u0131l\u0131\u015f\u0131 yap\u0131ld\u0131. Hayat Boyu \u00d6\u011frenme Haftas\u0131 etkinlikleri kapsam\u0131nda Ac\u0131payam Halk E\u011fitim M\u00fcd\u00fcrl\u00fc\u011f\u00fc taraf\u0131ndan e\u011fitim verilen kursiyerlerin haz\u0131rlad\u0131klar\u0131 el emekleri g\u00f6r\u00fcc\u00fcye \u00e7\u0131kt\u0131. Ac\u0131payam Gen\u00e7lik&#8230;<\/p>\n","protected":false},"author":1,"featured_media":32122,"comment_status":"open","ping_status":"open","sticky":false,"template":"","format":"standard","meta":{"_crdt_document":"","footnotes":""},"categories":[1],"tags":[],"class_list":["post-32121","post","type-post","status-publish","format-standard","has-post-thumbnail","hentry","category-guncel"],"_links":{"self":[{"href":"https:\/\/www.egemtv.com\/index.php?rest_route=\/wp\/v2\/posts\/32121","targetHints":{"allow":["GET"]}}],"collection":[{"href":"https:\/\/www.egemtv.com\/index.php?rest_route=\/wp\/v2\/posts"}],"about":[{"href":"https:\/\/www.egemtv.com\/index.php?rest_route=\/wp\/v2\/types\/post"}],"author":[{"embeddable":true,"href":"https:\/\/www.egemtv.com\/index.php?rest_route=\/wp\/v2\/users\/1"}],"replies":[{"embeddable":true,"href":"https:\/\/www.egemtv.com\/index.php?rest_route=%2Fwp%2Fv2%2Fcomments&post=32121"}],"version-history":[{"count":1,"href":"https:\/\/www.egemtv.com\/index.php?rest_route=\/wp\/v2\/posts\/32121\/revisions"}],"predecessor-version":[{"id":32123,"href":"https:\/\/www.egemtv.com\/index.php?rest_route=\/wp\/v2\/posts\/32121\/revisions\/32123"}],"wp:featuredmedia":[{"embeddable":true,"href":"https:\/\/www.egemtv.com\/index.php?rest_route=\/wp\/v2\/media\/32122"}],"wp:attachment":[{"href":"https:\/\/www.egemtv.com\/index.php?rest_route=%2Fwp%2Fv2%2Fmedia&parent=32121"}],"wp:term":[{"taxonomy":"category","embeddable":true,"href":"https:\/\/www.egemtv.com\/index.php?rest_route=%2Fwp%2Fv2%2Fcategories&post=32121"},{"taxonomy":"post_tag","embeddable":true,"href":"https:\/\/www.egemtv.com\/index.php?rest_route=%2Fwp%2Fv2%2Ftags&post=32121"}],"curies":[{"name":"wp","href":"https:\/\/api.w.org\/{rel}","templated":true}]}}