{"id":32118,"date":"2025-05-29T10:15:59","date_gmt":"2025-05-29T07:15:59","guid":{"rendered":"https:\/\/www.egemtv.com\/?p=32118"},"modified":"2025-05-29T10:16:05","modified_gmt":"2025-05-29T07:16:05","slug":"yetiskinler-gibi-rahat-terleyemeyen-cocuklar-sicaktan-daha-cok-etkileniyor","status":"publish","type":"post","link":"https:\/\/www.egemtv.com\/?p=32118","title":{"rendered":"Yeti\u015fkinler gibi rahat terleyemeyen \u00e7ocuklar s\u0131caktan daha \u00e7ok etkileniyor"},"content":{"rendered":"<p>Yaz aylar\u0131n\u0131n gelmesiyle birlikte s\u0131cak havalarda \u00e7ocuklar\u0131n sa\u011fl\u0131\u011f\u0131n\u0131 koruma a\u00e7\u0131s\u0131nda \u00f6nemli a\u00e7\u0131klamalarda bulunan Denizli \u00d6zel Tekden Hastanesi \u00c7ocuk Sa\u011fl\u0131\u011f\u0131 ve Hastal\u0131klar\u0131 Uz. Dr. Tun\u00e7 Ayd\u0131n, &#8220;Yeti\u015fkinler gibi rahat terleyemeyen \u00e7ocuklar g\u00fcne\u015ften daha \u00e7ok etkileniyor&#8221; dedi.<\/p>\n<p>Denizli \u00d6zel Tekden Hastanesi \u00c7ocuk Sa\u011fl\u0131\u011f\u0131 ve Hastal\u0131klar\u0131 Uz. Dr. Tun\u00e7 Ayd\u0131n, yaz aylar\u0131n\u0131n gelmesiyle s\u0131cak havalara kar\u015f\u0131 anne ve babalar\u0131 uyard\u0131. Ayn\u0131 zamanda Uz. Dr. Tun\u00e7 Ayd\u0131n, \u00e7ocuklar\u0131n v\u00fccutlar\u0131ndaki \u0131s\u0131 d\u00fczenleme mekanizmas\u0131 yeti\u015fkinler gibi geli\u015fmedi\u011fi i\u00e7in rahat terleyemediklerini ve ayn\u0131 zamanda k\u00fc\u00e7\u00fck \u00e7ocuklar susad\u0131klar\u0131n\u0131 her zaman rahat bir \u015fekilde istemediklerini belirtti. Dolay\u0131s\u0131yla k\u00fc\u00e7\u00fck \u00e7ocuklar\u0131n \u0131s\u0131dan etkilenme ihtimali yeti\u015fkinlere g\u00f6re daha y\u00fckse oldu\u011funu ifade eden Uz. Dr. Ayd\u0131n, &#8220;Y\u00fcksek s\u0131cakl\u0131kta uzun s\u00fcre kalan \u00e7ocuklarda \u00f6ncelikle \u0131s\u0131 \u00e7arpmas\u0131 dedi\u011fimiz durumlar meydana geliyor. Ard\u0131ndan semptom olarak kusma, mide bulant\u0131s\u0131, halsizlik, v\u00fccut s\u0131cakl\u0131\u011f\u0131nda y\u00fckseklik gibi durumlar ile kar\u015f\u0131m\u0131za \u00e7\u0131k\u0131yor&#8221; dedi.<\/p>\n<p>&#8220;\u00c7ocuklara g\u00fcne\u015ften korumak i\u00e7in bunlara dikkat edin&#8221;<br \/>\n<br \/>G\u00fcne\u015f \u0131\u015f\u0131nlar\u0131na kar\u015f\u0131 anne ve babalara, \u00e7ocuklar i\u00e7in nelere dikkat etmesini belirten Uz. Dr. Tun\u00e7 Ayd\u0131n, &#8220;G\u00fcne\u015f \u0131\u015f\u0131nlar\u0131n\u0131n dik geldi\u011fi \u00f6zellikle saat 10.00-16.00 aras\u0131nda \u00e7ocuklar\u0131m\u0131z\u0131 d\u0131\u015far\u0131ya \u00e7\u0131karmamal\u0131y\u0131z. Yaz aylar\u0131nda m\u00fcmk\u00fcn oldu\u011funca g\u00fcne\u015f korumal\u0131 UPF dedi\u011fimiz giysiler tercih etmeliyiz. Ultraviyole \u0131\u015f\u0131nlar\u0131n\u0131 ge\u00e7irmeyen giysiler ve g\u00fcne\u015f kremlerini m\u00fcmk\u00fcn oldu\u011funca kullanmam\u0131z gerekiyor. G\u00fcne\u015f kremlerinde m\u00fcmk\u00fcn oldu\u011funca mineral filtreli kremler, SPF 30 ve 50 aras\u0131ndakiler tercih etmeliyiz. K\u0131yafet konusunda, ince pamuklu nefes alabilen ve a\u00e7\u0131k renkli olacak \u015fekilde k\u0131yafetler se\u00e7meliyiz. Uzun s\u00fcre ara\u00e7ta kapal\u0131 \u015fekilde maruz b\u0131rakmamal\u0131y\u0131z. \u00c7ocuklar\u0131n s\u0131cakta uzun s\u00fcre maruz kalmamas\u0131 gerekiyor. Yine bebek arabas\u0131nda m\u00fcmk\u00fcn oldu\u011funca etraf\u0131n\u0131 \u00f6rterek gezdirmemeliyiz. Bebek arabas\u0131n\u0131n hava almas\u0131 \u00f6nemli. Kapat\u0131ld\u0131\u011f\u0131nda y\u00fcksek s\u0131cakl\u0131klara \u00e7ocuklar\u0131m\u0131z yine maruz kalabiliyor&#8221; diye konu\u015ftu.<\/p>\n<p>&#8220;\u00c7ocuklar\u0131n\u0131z\u0131 bol bol su i\u00e7irmelisiniz&#8221;<br \/>\n<br \/>\u00c7ocuklar\u0131n bol bol su i\u00e7mesi gerekti\u011fini ve halsizlik, kusma gibi bu tarz belirtilerde en k\u0131sa zamanda \u00e7ocuk doktoruna ba\u015fvurulmas\u0131 gerekti\u011fini di\u015fle getiren Uz. Dr. Tun\u00e7 Ayd\u0131n &#8220;\u00c7ocuklar\u0131m\u0131z bol bol su i\u00e7mesi gerekiyor. Halsizlik, uyanmamak, bitkinlik, yine diren\u00e7li ate\u015f y\u00fckseklikleri, kusmalar, bulant\u0131lar, idrar \u00e7\u0131k\u0131\u015f\u0131n\u0131n azalmas\u0131, bebeklerde \u00f6zellikle kuru bezin olmas\u0131 gibi bu tarz semptomlarda aileler m\u00fcmk\u00fcn oldu\u011fu en k\u0131sa zamanda \u00e7ocuk doktoruna ba\u015fvurmal\u0131d\u0131r&#8221; dedi.<br \/><\/p>\n","protected":false},"excerpt":{"rendered":"<p>Yaz aylar\u0131n\u0131n gelmesiyle birlikte s\u0131cak havalarda \u00e7ocuklar\u0131n sa\u011fl\u0131\u011f\u0131n\u0131 koruma a\u00e7\u0131s\u0131nda \u00f6nemli a\u00e7\u0131klamalarda bulunan Denizli \u00d6zel Tekden Hastanesi \u00c7ocuk Sa\u011fl\u0131\u011f\u0131 ve Hastal\u0131klar\u0131 Uz. Dr. Tun\u00e7 Ayd\u0131n, &#8220;Yeti\u015fkinler gibi rahat terleyemeyen \u00e7ocuklar g\u00fcne\u015ften daha \u00e7ok etkileniyor&#8221; dedi. Denizli \u00d6zel Tekden Hastanesi \u00c7ocuk Sa\u011fl\u0131\u011f\u0131 ve Hastal\u0131klar\u0131 Uz. Dr. Tun\u00e7 Ayd\u0131n, yaz aylar\u0131n\u0131n gelmesiyle s\u0131cak havalara kar\u015f\u0131 anne ve&#8230;<\/p>\n","protected":false},"author":1,"featured_media":32119,"comment_status":"open","ping_status":"open","sticky":false,"template":"","format":"standard","meta":{"_crdt_document":"","footnotes":""},"categories":[2],"tags":[],"class_list":["post-32118","post","type-post","status-publish","format-standard","has-post-thumbnail","hentry","category-saglik"],"_links":{"self":[{"href":"https:\/\/www.egemtv.com\/index.php?rest_route=\/wp\/v2\/posts\/32118","targetHints":{"allow":["GET"]}}],"collection":[{"href":"https:\/\/www.egemtv.com\/index.php?rest_route=\/wp\/v2\/posts"}],"about":[{"href":"https:\/\/www.egemtv.com\/index.php?rest_route=\/wp\/v2\/types\/post"}],"author":[{"embeddable":true,"href":"https:\/\/www.egemtv.com\/index.php?rest_route=\/wp\/v2\/users\/1"}],"replies":[{"embeddable":true,"href":"https:\/\/www.egemtv.com\/index.php?rest_route=%2Fwp%2Fv2%2Fcomments&post=32118"}],"version-history":[{"count":1,"href":"https:\/\/www.egemtv.com\/index.php?rest_route=\/wp\/v2\/posts\/32118\/revisions"}],"predecessor-version":[{"id":32120,"href":"https:\/\/www.egemtv.com\/index.php?rest_route=\/wp\/v2\/posts\/32118\/revisions\/32120"}],"wp:featuredmedia":[{"embeddable":true,"href":"https:\/\/www.egemtv.com\/index.php?rest_route=\/wp\/v2\/media\/32119"}],"wp:attachment":[{"href":"https:\/\/www.egemtv.com\/index.php?rest_route=%2Fwp%2Fv2%2Fmedia&parent=32118"}],"wp:term":[{"taxonomy":"category","embeddable":true,"href":"https:\/\/www.egemtv.com\/index.php?rest_route=%2Fwp%2Fv2%2Fcategories&post=32118"},{"taxonomy":"post_tag","embeddable":true,"href":"https:\/\/www.egemtv.com\/index.php?rest_route=%2Fwp%2Fv2%2Ftags&post=32118"}],"curies":[{"name":"wp","href":"https:\/\/api.w.org\/{rel}","templated":true}]}}