{"id":32115,"date":"2025-05-29T10:15:53","date_gmt":"2025-05-29T07:15:53","guid":{"rendered":"https:\/\/www.egemtv.com\/?p=32115"},"modified":"2025-05-29T10:15:59","modified_gmt":"2025-05-29T07:15:59","slug":"baskan-kunkcu-alisverisinizi-yerel-esnaftan-yapin-aydin-kazansin","status":"publish","type":"post","link":"https:\/\/www.egemtv.com\/?p=32115","title":{"rendered":"Ba\u015fkan K\u00fcnkc\u00fc: &#8220;Al\u0131\u015fveri\u015finizi yerel esnaftan yap\u0131n, Ayd\u0131n kazans\u0131n&#8221;"},"content":{"rendered":"<p>Kurban Bayram\u0131\u2019na say\u0131l\u0131 g\u00fcnler kala Ayd\u0131n\u2019da al\u0131\u015fveri\u015f hareketlili\u011fi h\u0131z kazan\u0131rken, Ayd\u0131n Esnaf ve Sanatkarlar Odalar\u0131 Birli\u011fi (AYESOB) Ba\u015fkan\u0131 Muhammet Ali K\u00fcnkc\u00fc Ayd\u0131nl\u0131lara \u00e7a\u011fr\u0131da bulunarak Kurban Bayram\u0131 al\u0131\u015fveri\u015flerini yerel esnaftan yapmalar\u0131n\u0131 istedi.<\/p>\n<p>\u00d6zellikle Efeler ba\u015fta olmak \u00fczere Ayd\u0131n\u2019\u0131n bir\u00e7ok il\u00e7esinde bayrama haz\u0131rlanan vatanda\u015flar, \u00e7ar\u015f\u0131 pazarlarda yo\u011funluk olu\u015fturdu. Giyim ma\u011fazalar\u0131, tatl\u0131c\u0131lar, kasaplar ve tuhafiye d\u00fckk\u00e2nlar\u0131nda g\u00f6zle g\u00f6r\u00fcl\u00fcr bir hareketlilik ya\u015fan\u0131rken, esnaf da m\u00fc\u015fterilerini en iyi \u015fekilde kar\u015f\u0131lamak i\u00e7in bayram mesaisine ba\u015flad\u0131. AYESOB Ba\u015fkan\u0131 Muhammet Ali K\u00fcnkc\u00fc, bayram \u00f6ncesi Ayd\u0131nl\u0131lara seslendi.<\/p>\n<p>Bayramlar\u0131n birlik, beraberlik ve payla\u015fma zaman\u0131 oldu\u011funu vurgulayan Ba\u015fkan K\u00fcnkc\u00fc, &#8220;Esnaf\u0131m\u0131z y\u0131l boyunca zamlarla, artan maliyetlerle ve kira y\u00fckleriyle m\u00fccadele ediyor. Bayram d\u00f6nemleri ise onlar i\u00e7in b\u00fcy\u00fck bir nefes alma f\u0131rsat\u0131. Bu y\u00fczden al\u0131\u015fveri\u015flerimizi mahallemizdeki bakkaldan, kasaptan, manavdan, konfeksiyon ve tuhafiye d\u00fckk\u00e2nlar\u0131ndan yapal\u0131m&#8221; dedi.<\/p>\n<p>Bayraml\u0131k k\u0131yafet, \u015feker, kolonya, g\u0131da \u00fcr\u00fcnleri ve hediyelik ihtiya\u00e7lar\u0131n da yerel esnaftan temin edilmesi gerekti\u011fini belirten K\u00fcnkc\u00fc, &#8220;Yap\u0131lan her al\u0131\u015fveri\u015f sadece ihtiya\u00e7lar\u0131 kar\u015f\u0131lamaz, ayn\u0131 zamanda \u015fehrimize katk\u0131 sa\u011flar. Harcad\u0131\u011f\u0131n\u0131z her kuru\u015f yine bu \u015fehre d\u00f6ner, yine Ayd\u0131n\u2019a hizmet olarak yans\u0131r&#8221; ifadelerini kulland\u0131. K\u00fcnkc\u00fc, zincir marketler ve b\u00fcy\u00fck al\u0131\u015fveri\u015f siteleri yerine esnaftan yap\u0131lan al\u0131\u015fveri\u015fin hem ekonomik dengeyi koruyaca\u011f\u0131n\u0131 hem de m\u00fc\u015fteriyle daha samimi bir ili\u015fki kurulmas\u0131na katk\u0131 sa\u011flayaca\u011f\u0131n\u0131 s\u00f6zlerine ekledi.<br \/><\/p>\n","protected":false},"excerpt":{"rendered":"<p>Kurban Bayram\u0131\u2019na say\u0131l\u0131 g\u00fcnler kala Ayd\u0131n\u2019da al\u0131\u015fveri\u015f hareketlili\u011fi h\u0131z kazan\u0131rken, Ayd\u0131n Esnaf ve Sanatkarlar Odalar\u0131 Birli\u011fi (AYESOB) Ba\u015fkan\u0131 Muhammet Ali K\u00fcnkc\u00fc Ayd\u0131nl\u0131lara \u00e7a\u011fr\u0131da bulunarak Kurban Bayram\u0131 al\u0131\u015fveri\u015flerini yerel esnaftan yapmalar\u0131n\u0131 istedi. \u00d6zellikle Efeler ba\u015fta olmak \u00fczere Ayd\u0131n\u2019\u0131n bir\u00e7ok il\u00e7esinde bayrama haz\u0131rlanan vatanda\u015flar, \u00e7ar\u015f\u0131 pazarlarda yo\u011funluk olu\u015fturdu. Giyim ma\u011fazalar\u0131, tatl\u0131c\u0131lar, kasaplar ve tuhafiye d\u00fckk\u00e2nlar\u0131nda g\u00f6zle g\u00f6r\u00fcl\u00fcr&#8230;<\/p>\n","protected":false},"author":1,"featured_media":32116,"comment_status":"open","ping_status":"open","sticky":false,"template":"","format":"standard","meta":{"_crdt_document":"","footnotes":""},"categories":[1],"tags":[],"class_list":["post-32115","post","type-post","status-publish","format-standard","has-post-thumbnail","hentry","category-guncel"],"_links":{"self":[{"href":"https:\/\/www.egemtv.com\/index.php?rest_route=\/wp\/v2\/posts\/32115","targetHints":{"allow":["GET"]}}],"collection":[{"href":"https:\/\/www.egemtv.com\/index.php?rest_route=\/wp\/v2\/posts"}],"about":[{"href":"https:\/\/www.egemtv.com\/index.php?rest_route=\/wp\/v2\/types\/post"}],"author":[{"embeddable":true,"href":"https:\/\/www.egemtv.com\/index.php?rest_route=\/wp\/v2\/users\/1"}],"replies":[{"embeddable":true,"href":"https:\/\/www.egemtv.com\/index.php?rest_route=%2Fwp%2Fv2%2Fcomments&post=32115"}],"version-history":[{"count":1,"href":"https:\/\/www.egemtv.com\/index.php?rest_route=\/wp\/v2\/posts\/32115\/revisions"}],"predecessor-version":[{"id":32117,"href":"https:\/\/www.egemtv.com\/index.php?rest_route=\/wp\/v2\/posts\/32115\/revisions\/32117"}],"wp:featuredmedia":[{"embeddable":true,"href":"https:\/\/www.egemtv.com\/index.php?rest_route=\/wp\/v2\/media\/32116"}],"wp:attachment":[{"href":"https:\/\/www.egemtv.com\/index.php?rest_route=%2Fwp%2Fv2%2Fmedia&parent=32115"}],"wp:term":[{"taxonomy":"category","embeddable":true,"href":"https:\/\/www.egemtv.com\/index.php?rest_route=%2Fwp%2Fv2%2Fcategories&post=32115"},{"taxonomy":"post_tag","embeddable":true,"href":"https:\/\/www.egemtv.com\/index.php?rest_route=%2Fwp%2Fv2%2Ftags&post=32115"}],"curies":[{"name":"wp","href":"https:\/\/api.w.org\/{rel}","templated":true}]}}