{"id":32094,"date":"2025-05-29T09:56:46","date_gmt":"2025-05-29T06:56:46","guid":{"rendered":"https:\/\/www.egemtv.com\/?p=32094"},"modified":"2025-05-29T09:56:51","modified_gmt":"2025-05-29T06:56:51","slug":"bozdoganda-ilaclama-calismalari-suruyor","status":"publish","type":"post","link":"https:\/\/www.egemtv.com\/?p=32094","title":{"rendered":"Bozdo\u011fan\u2019da ila\u00e7lama \u00e7al\u0131\u015fmalar\u0131 s\u00fcr\u00fcyor"},"content":{"rendered":"<p>Bozdo\u011fan Belediyesi, havalar\u0131n \u0131s\u0131nmas\u0131yla birlikte sivrisinek ve di\u011fer zararl\u0131 ha\u015ferelerle m\u00fccadele \u00e7al\u0131\u015fmalar\u0131n\u0131 yo\u011funla\u015ft\u0131rd\u0131.<br \/>\n<br \/>Vatanda\u015flar\u0131n yaz aylar\u0131n\u0131 daha sa\u011fl\u0131kl\u0131 ve konforlu ge\u00e7irebilmeleri amac\u0131yla il\u00e7e genelinde kapsaml\u0131 bir ila\u00e7lama program\u0131 ba\u015flat\u0131ld\u0131.<\/p>\n<p>\u00c7al\u0131\u015fmalar kapsam\u0131nda \u00f6ncelikle sivrisineklerin \u00fcreme alanlar\u0131nda larvasit uygulamalar\u0131 ger\u00e7ekle\u015ftirildi. Larva d\u00f6nemine y\u00f6nelik yap\u0131lan bu m\u00fcdahalelerin ard\u0131ndan, u\u00e7kunlarla m\u00fccadele \u00e7al\u0131\u015fmalar\u0131na ge\u00e7ildi. Belediye ekipleri; dere yataklar\u0131, su birikintileri, r\u00f6garlar ve benzeri potansiyel \u00fcreme alanlar\u0131nda hem biyolojik hem de kimyasal y\u00f6ntemlerle etkili ila\u00e7lama \u00e7al\u0131\u015fmalar\u0131 y\u00fcr\u00fct\u00fcyor. Program dahilinde t\u00fcm mahallelerde yaz boyunca ila\u00e7lama faaliyetleri kesintisiz devam edecek.<\/p>\n<p>Besihane ila\u00e7lamalar\u0131 geni\u015fleyerek s\u00fcr\u00fcyor<br \/>\n<br \/>Ge\u00e7ti\u011fimiz y\u0131l ilk kez uygulamaya konulan besihane ila\u00e7lamalar\u0131n\u0131n olumlu sonu\u00e7lar verdi\u011fini belirten Bozdo\u011fan Belediye Ba\u015fkan\u0131 Mustafa Galip \u00d6zel, bu y\u0131l uygulaman\u0131n kapsam\u0131n\u0131 geni\u015flettiklerini a\u00e7\u0131klad\u0131. Ba\u015fkan \u00d6zel, \u00f6zellikle besihanelerde yap\u0131lan ila\u00e7lamalar\u0131n sinek pop\u00fclasyonunu ciddi oranda azaltt\u0131\u011f\u0131n\u0131 vurgulad\u0131.<\/p>\n<p>Ba\u015fkan \u00d6zel\u2019den vatanda\u015flara \u00e7a\u011fr\u0131<br \/>\n<br \/>\u00c7al\u0131\u015fmalar hakk\u0131nda de\u011ferlendirmede bulunan Ba\u015fkan \u00d6zel, \u015fu ifadeleri kulland\u0131: &#8220;Ekiplerimiz, vatanda\u015flar\u0131m\u0131z\u0131n yaz mevsimini sa\u011fl\u0131kl\u0131 ve huzurlu ge\u00e7irebilmesi i\u00e7in yo\u011fun bir \u00e7aba g\u00f6steriyor. Larva d\u00f6neminde yap\u0131lan ila\u00e7lama, sivrisineklerin kontrol alt\u0131na al\u0131nmas\u0131nda en etkili y\u00f6ntemlerden biridir. Bu nedenle hi\u00e7bir noktay\u0131 ihmal etmiyoruz. \u0130l\u00e7e genelinde ger\u00e7ekle\u015ftirdi\u011fimiz kire\u00e7leme ve larva m\u00fccadeleleri, sinek olu\u015fumunu \u00f6nlemede b\u00fcy\u00fck rol oynamaktad\u0131r. Ayn\u0131 \u015fekilde, \u00e7ift\u00e7ilerimizle ge\u00e7ti\u011fimiz y\u0131l ald\u0131\u011f\u0131m\u0131z karar do\u011frultusunda, besihanelerde ila\u00e7lama \u00e7al\u0131\u015fmalar\u0131m\u0131za bu y\u0131l daha geni\u015f bir kapsamda devam edece\u011fiz&#8221;<br \/><\/p>\n","protected":false},"excerpt":{"rendered":"<p>Bozdo\u011fan Belediyesi, havalar\u0131n \u0131s\u0131nmas\u0131yla birlikte sivrisinek ve di\u011fer zararl\u0131 ha\u015ferelerle m\u00fccadele \u00e7al\u0131\u015fmalar\u0131n\u0131 yo\u011funla\u015ft\u0131rd\u0131. Vatanda\u015flar\u0131n yaz aylar\u0131n\u0131 daha sa\u011fl\u0131kl\u0131 ve konforlu ge\u00e7irebilmeleri amac\u0131yla il\u00e7e genelinde kapsaml\u0131 bir ila\u00e7lama program\u0131 ba\u015flat\u0131ld\u0131. \u00c7al\u0131\u015fmalar kapsam\u0131nda \u00f6ncelikle sivrisineklerin \u00fcreme alanlar\u0131nda larvasit uygulamalar\u0131 ger\u00e7ekle\u015ftirildi. Larva d\u00f6nemine y\u00f6nelik yap\u0131lan bu m\u00fcdahalelerin ard\u0131ndan, u\u00e7kunlarla m\u00fccadele \u00e7al\u0131\u015fmalar\u0131na ge\u00e7ildi. Belediye ekipleri; dere yataklar\u0131, su birikintileri,&#8230;<\/p>\n","protected":false},"author":1,"featured_media":32095,"comment_status":"open","ping_status":"open","sticky":false,"template":"","format":"standard","meta":{"_crdt_document":"","footnotes":""},"categories":[1],"tags":[],"class_list":["post-32094","post","type-post","status-publish","format-standard","has-post-thumbnail","hentry","category-guncel"],"_links":{"self":[{"href":"https:\/\/www.egemtv.com\/index.php?rest_route=\/wp\/v2\/posts\/32094","targetHints":{"allow":["GET"]}}],"collection":[{"href":"https:\/\/www.egemtv.com\/index.php?rest_route=\/wp\/v2\/posts"}],"about":[{"href":"https:\/\/www.egemtv.com\/index.php?rest_route=\/wp\/v2\/types\/post"}],"author":[{"embeddable":true,"href":"https:\/\/www.egemtv.com\/index.php?rest_route=\/wp\/v2\/users\/1"}],"replies":[{"embeddable":true,"href":"https:\/\/www.egemtv.com\/index.php?rest_route=%2Fwp%2Fv2%2Fcomments&post=32094"}],"version-history":[{"count":1,"href":"https:\/\/www.egemtv.com\/index.php?rest_route=\/wp\/v2\/posts\/32094\/revisions"}],"predecessor-version":[{"id":32096,"href":"https:\/\/www.egemtv.com\/index.php?rest_route=\/wp\/v2\/posts\/32094\/revisions\/32096"}],"wp:featuredmedia":[{"embeddable":true,"href":"https:\/\/www.egemtv.com\/index.php?rest_route=\/wp\/v2\/media\/32095"}],"wp:attachment":[{"href":"https:\/\/www.egemtv.com\/index.php?rest_route=%2Fwp%2Fv2%2Fmedia&parent=32094"}],"wp:term":[{"taxonomy":"category","embeddable":true,"href":"https:\/\/www.egemtv.com\/index.php?rest_route=%2Fwp%2Fv2%2Fcategories&post=32094"},{"taxonomy":"post_tag","embeddable":true,"href":"https:\/\/www.egemtv.com\/index.php?rest_route=%2Fwp%2Fv2%2Ftags&post=32094"}],"curies":[{"name":"wp","href":"https:\/\/api.w.org\/{rel}","templated":true}]}}