{"id":32091,"date":"2025-05-29T09:56:40","date_gmt":"2025-05-29T06:56:40","guid":{"rendered":"https:\/\/www.egemtv.com\/?p=32091"},"modified":"2025-05-29T09:56:46","modified_gmt":"2025-05-29T06:56:46","slug":"kutahya-belediyesinden-ogrencilere-sifir-atik-egitimi-2","status":"publish","type":"post","link":"https:\/\/www.egemtv.com\/?p=32091","title":{"rendered":"K\u00fctahya Belediyesi\u2019nden \u00f6\u011frencilere s\u0131f\u0131r at\u0131k e\u011fitimi"},"content":{"rendered":"<p>K\u00fctahya Belediyesi, \u00e7evre bilincini art\u0131rmak ve s\u0131f\u0131r at\u0131k anlay\u0131\u015f\u0131n\u0131 toplum genelinde yayg\u0131nla\u015ft\u0131rmak amac\u0131yla okullarda d\u00fczenledi\u011fi e\u011fitim programlar\u0131na aral\u0131ks\u0131z devam ediyor.<br \/>\n<br \/>Belediyenin \u0130klim De\u011fi\u015fikli\u011fi ve S\u0131f\u0131r At\u0131k M\u00fcd\u00fcrl\u00fc\u011f\u00fc taraf\u0131ndan Barbaros Hayreddin Pa\u015fa \u0130lkokulu\u2019nda ger\u00e7ekle\u015ftirilen &#8220;S\u0131f\u0131r At\u0131k&#8221; konulu e\u011fitim, \u00f6\u011frencilerden yo\u011fun ilgi g\u00f6rd\u00fc. E\u011fitimde; s\u0131f\u0131r at\u0131k ilkeleri, kaynaklar\u0131n verimli kullan\u0131m\u0131, at\u0131klar\u0131n kayna\u011f\u0131nda ayr\u0131\u015ft\u0131r\u0131lmas\u0131 ve geri d\u00f6n\u00fc\u015f\u00fcm s\u00fcre\u00e7leri gibi \u00f6nemli konular ele al\u0131nd\u0131.<br \/>\n<br \/>Program kapsam\u0131nda ayr\u0131ca K\u00fctahya Belediyesi\u2019ne ait S\u0131f\u0131r At\u0131k Market ve Mobil At\u0131k Getirme Merkezi gibi projeler \u00f6\u011frencilere tan\u0131t\u0131ld\u0131. Farkl\u0131 at\u0131k t\u00fcrlerinin \u00e7evreye olan zararlar\u0131 vurgulanarak, bireysel sorumluluklar\u0131n alt\u0131 \u00e7izildi.<br \/>\n<br \/>K\u00fctahya Belediyesi yetkilileri, s\u00fcrd\u00fcr\u00fclebilir bir \u00e7evre hedefi do\u011frultusunda bu t\u00fcr e\u011fitimleri di\u011fer okullarda da s\u00fcrd\u00fcrmeyi planlad\u0131klar\u0131n\u0131 belirtti.<br \/><\/p>\n","protected":false},"excerpt":{"rendered":"<p>K\u00fctahya Belediyesi, \u00e7evre bilincini art\u0131rmak ve s\u0131f\u0131r at\u0131k anlay\u0131\u015f\u0131n\u0131 toplum genelinde yayg\u0131nla\u015ft\u0131rmak amac\u0131yla okullarda d\u00fczenledi\u011fi e\u011fitim programlar\u0131na aral\u0131ks\u0131z devam ediyor. Belediyenin \u0130klim De\u011fi\u015fikli\u011fi ve S\u0131f\u0131r At\u0131k M\u00fcd\u00fcrl\u00fc\u011f\u00fc taraf\u0131ndan Barbaros Hayreddin Pa\u015fa \u0130lkokulu\u2019nda ger\u00e7ekle\u015ftirilen &#8220;S\u0131f\u0131r At\u0131k&#8221; konulu e\u011fitim, \u00f6\u011frencilerden yo\u011fun ilgi g\u00f6rd\u00fc. E\u011fitimde; s\u0131f\u0131r at\u0131k ilkeleri, kaynaklar\u0131n verimli kullan\u0131m\u0131, at\u0131klar\u0131n kayna\u011f\u0131nda ayr\u0131\u015ft\u0131r\u0131lmas\u0131 ve geri d\u00f6n\u00fc\u015f\u00fcm s\u00fcre\u00e7leri&#8230;<\/p>\n","protected":false},"author":1,"featured_media":32092,"comment_status":"open","ping_status":"open","sticky":false,"template":"","format":"standard","meta":{"_crdt_document":"","footnotes":""},"categories":[1],"tags":[],"class_list":["post-32091","post","type-post","status-publish","format-standard","has-post-thumbnail","hentry","category-guncel"],"_links":{"self":[{"href":"https:\/\/www.egemtv.com\/index.php?rest_route=\/wp\/v2\/posts\/32091","targetHints":{"allow":["GET"]}}],"collection":[{"href":"https:\/\/www.egemtv.com\/index.php?rest_route=\/wp\/v2\/posts"}],"about":[{"href":"https:\/\/www.egemtv.com\/index.php?rest_route=\/wp\/v2\/types\/post"}],"author":[{"embeddable":true,"href":"https:\/\/www.egemtv.com\/index.php?rest_route=\/wp\/v2\/users\/1"}],"replies":[{"embeddable":true,"href":"https:\/\/www.egemtv.com\/index.php?rest_route=%2Fwp%2Fv2%2Fcomments&post=32091"}],"version-history":[{"count":1,"href":"https:\/\/www.egemtv.com\/index.php?rest_route=\/wp\/v2\/posts\/32091\/revisions"}],"predecessor-version":[{"id":32093,"href":"https:\/\/www.egemtv.com\/index.php?rest_route=\/wp\/v2\/posts\/32091\/revisions\/32093"}],"wp:featuredmedia":[{"embeddable":true,"href":"https:\/\/www.egemtv.com\/index.php?rest_route=\/wp\/v2\/media\/32092"}],"wp:attachment":[{"href":"https:\/\/www.egemtv.com\/index.php?rest_route=%2Fwp%2Fv2%2Fmedia&parent=32091"}],"wp:term":[{"taxonomy":"category","embeddable":true,"href":"https:\/\/www.egemtv.com\/index.php?rest_route=%2Fwp%2Fv2%2Fcategories&post=32091"},{"taxonomy":"post_tag","embeddable":true,"href":"https:\/\/www.egemtv.com\/index.php?rest_route=%2Fwp%2Fv2%2Ftags&post=32091"}],"curies":[{"name":"wp","href":"https:\/\/api.w.org\/{rel}","templated":true}]}}