{"id":32088,"date":"2025-05-29T09:56:37","date_gmt":"2025-05-29T06:56:37","guid":{"rendered":"https:\/\/www.egemtv.com\/?p=32088"},"modified":"2025-05-29T09:56:40","modified_gmt":"2025-05-29T06:56:40","slug":"kutahyada-is-bulmak-mi-is-kurmak-mi-konferansi","status":"publish","type":"post","link":"https:\/\/www.egemtv.com\/?p=32088","title":{"rendered":"K\u00fctahya\u2019da &#8220;\u0130\u015f bulmak m\u0131, i\u015f kurmak m\u0131?&#8221; konferans\u0131"},"content":{"rendered":"<p>K\u00fctahya Dumlup\u0131nar \u00dcniversitesi\u2019nde (DP\u00dc) d\u00fczenlenen &#8220;\u0130\u015f bulmak m\u0131, i\u015f kurmak m\u0131?&#8221; ba\u015fl\u0131kl\u0131 konferansa, M\u00fcstakil Sanayici ve \u0130\u015fadamlar\u0131 Derne\u011fi Ba\u015fkan\u0131 Burhan \u00d6zdemir konu\u015fmac\u0131 olarak kat\u0131ld\u0131.<br \/>\n<br \/>\u0130ktisadi ve \u0130dari Bilimler Fak\u00fcltesi Amfi-2\u2019de ger\u00e7ekle\u015ftirilen etkinli\u011fe; Rekt\u00f6r Prof. Dr. S\u00fcleyman K\u0131z\u0131ltoprak, Rekt\u00f6r Yard\u0131mc\u0131s\u0131 Prof. Dr. Ayhan Kahraman, Spor Bilimleri Fak\u00fcltesi Dekan\u0131 Prof. Dr. \u00c7etin \u00d6zdilek, K\u00fctahya Sosyal Bilimler MYO M\u00fcd\u00fcr\u00fc Prof. Dr. Arif Kolay, il protokol \u00fcyeleri, akademik ve idari personel ile \u00e7ok say\u0131da \u00f6\u011frenci kat\u0131ld\u0131.<br \/>\n<br \/>Konferans\u0131n a\u00e7\u0131l\u0131\u015f\u0131nda konu\u015fan Rekt\u00f6r Prof. Dr. S\u00fcleyman K\u0131z\u0131ltoprak, i\u015f d\u00fcnyas\u0131n\u0131n deneyimli isimlerini \u00fcniversitede a\u011f\u0131rlamaktan memnuniyet duyduklar\u0131n\u0131 belirtti. De\u011fi\u015fen ekonomik \u015fartlarda i\u015f kurmay\u0131 kolayla\u015ft\u0131r\u0131rken yeni riskleri de beraberinde getirdi\u011fine dikkat \u00e7eken Rekt\u00f6r K\u0131z\u0131ltoprak, DP\u00dc\u2019n\u00fcn \u00f6\u011frencilerini yaln\u0131zca i\u015f bulmaya de\u011fil, ayn\u0131 zamanda giri\u015fimci olmaya da haz\u0131rlayan b\u00fct\u00fcnc\u00fcl bir e\u011fitim anlay\u0131\u015f\u0131n\u0131 benimsedi\u011fini vurgulad\u0131.<br \/>\n<br \/>Ard\u0131ndan s\u00f6z alan Ba\u015fkan Burhan \u00d6zdemir, derne\u011fi tan\u0131tt\u0131ktan sonra i\u015f d\u00fcnyas\u0131nda ya\u015fanan d\u00f6n\u00fc\u015f\u00fcmler \u00fczerine de\u011ferlendirmelerde bulundu. Sekt\u00f6rel de\u011fi\u015fimlere dair g\u00f6zlemlerini payla\u015fan \u00d6zdemir, kendi giri\u015fimcilik ser\u00fcveninden \u00f6rnekler vererek \u00f6\u011frencilere kariyer planlamas\u0131 ve giri\u015fimcilik konular\u0131nda \u00f6nemli tavsiyelerde bulundu.<br \/>\n<br \/>Program\u0131n sonunda Rekt\u00f6r Prof. Dr. S\u00fcleyman K\u0131z\u0131ltoprak, katk\u0131lar\u0131ndan dolay\u0131 Burhan \u00d6zdemir\u2019e hediye takdim etti.<br \/><\/p>\n","protected":false},"excerpt":{"rendered":"<p>K\u00fctahya Dumlup\u0131nar \u00dcniversitesi\u2019nde (DP\u00dc) d\u00fczenlenen &#8220;\u0130\u015f bulmak m\u0131, i\u015f kurmak m\u0131?&#8221; ba\u015fl\u0131kl\u0131 konferansa, M\u00fcstakil Sanayici ve \u0130\u015fadamlar\u0131 Derne\u011fi Ba\u015fkan\u0131 Burhan \u00d6zdemir konu\u015fmac\u0131 olarak kat\u0131ld\u0131. \u0130ktisadi ve \u0130dari Bilimler Fak\u00fcltesi Amfi-2\u2019de ger\u00e7ekle\u015ftirilen etkinli\u011fe; Rekt\u00f6r Prof. Dr. S\u00fcleyman K\u0131z\u0131ltoprak, Rekt\u00f6r Yard\u0131mc\u0131s\u0131 Prof. Dr. Ayhan Kahraman, Spor Bilimleri Fak\u00fcltesi Dekan\u0131 Prof. Dr. \u00c7etin \u00d6zdilek, K\u00fctahya Sosyal Bilimler MYO&#8230;<\/p>\n","protected":false},"author":1,"featured_media":32089,"comment_status":"open","ping_status":"open","sticky":false,"template":"","format":"standard","meta":{"_crdt_document":"","footnotes":""},"categories":[125],"tags":[],"class_list":["post-32088","post","type-post","status-publish","format-standard","has-post-thumbnail","hentry","category-ekonomi"],"_links":{"self":[{"href":"https:\/\/www.egemtv.com\/index.php?rest_route=\/wp\/v2\/posts\/32088","targetHints":{"allow":["GET"]}}],"collection":[{"href":"https:\/\/www.egemtv.com\/index.php?rest_route=\/wp\/v2\/posts"}],"about":[{"href":"https:\/\/www.egemtv.com\/index.php?rest_route=\/wp\/v2\/types\/post"}],"author":[{"embeddable":true,"href":"https:\/\/www.egemtv.com\/index.php?rest_route=\/wp\/v2\/users\/1"}],"replies":[{"embeddable":true,"href":"https:\/\/www.egemtv.com\/index.php?rest_route=%2Fwp%2Fv2%2Fcomments&post=32088"}],"version-history":[{"count":1,"href":"https:\/\/www.egemtv.com\/index.php?rest_route=\/wp\/v2\/posts\/32088\/revisions"}],"predecessor-version":[{"id":32090,"href":"https:\/\/www.egemtv.com\/index.php?rest_route=\/wp\/v2\/posts\/32088\/revisions\/32090"}],"wp:featuredmedia":[{"embeddable":true,"href":"https:\/\/www.egemtv.com\/index.php?rest_route=\/wp\/v2\/media\/32089"}],"wp:attachment":[{"href":"https:\/\/www.egemtv.com\/index.php?rest_route=%2Fwp%2Fv2%2Fmedia&parent=32088"}],"wp:term":[{"taxonomy":"category","embeddable":true,"href":"https:\/\/www.egemtv.com\/index.php?rest_route=%2Fwp%2Fv2%2Fcategories&post=32088"},{"taxonomy":"post_tag","embeddable":true,"href":"https:\/\/www.egemtv.com\/index.php?rest_route=%2Fwp%2Fv2%2Ftags&post=32088"}],"curies":[{"name":"wp","href":"https:\/\/api.w.org\/{rel}","templated":true}]}}