{"id":32082,"date":"2025-05-29T09:37:49","date_gmt":"2025-05-29T06:37:49","guid":{"rendered":"https:\/\/www.egemtv.com\/?p=32082"},"modified":"2025-05-29T09:37:54","modified_gmt":"2025-05-29T06:37:54","slug":"yenilenecek-muhtarlik-secimleri-icin-koordinasyon-toplantisi-yapildi","status":"publish","type":"post","link":"https:\/\/www.egemtv.com\/?p=32082","title":{"rendered":"Yenilenecek muhtarl\u0131k se\u00e7imleri i\u00e7in koordinasyon toplant\u0131s\u0131 yap\u0131ld\u0131"},"content":{"rendered":"<p>1 Haziran 2025 Pazar g\u00fcn\u00fc Afyonkarahisar\u2019\u0131n 14 mahalle ve k\u00f6y\u00fcnde yenilenecek muhtarl\u0131k se\u00e7imlerine ili\u015fkin haz\u0131rl\u0131klar \u00e7er\u00e7evesinde bir koordinasyon toplant\u0131s\u0131 d\u00fczenlendi.<br \/>\n<br \/>Toplant\u0131ya Vali Yard\u0131mc\u0131s\u0131 U\u011fur Kolsuz ba\u015fkanl\u0131k etti. Se\u00e7imlerin g\u00fcvenli, huzurlu ve sa\u011fl\u0131kl\u0131 bir ortamda ger\u00e7ekle\u015fmesi amac\u0131yla al\u0131nacak tedbirlerin g\u00f6r\u00fc\u015f\u00fcld\u00fc\u011f\u00fc toplant\u0131da; oy verme i\u015flemleri, sand\u0131k kurullar\u0131n\u0131n olu\u015fturulmas\u0131 ve se\u00e7im s\u00fcrecine ili\u015fkin di\u011fer lojistik konular ele al\u0131nd\u0131. Se\u00e7im s\u00fcreci boyunca geli\u015fmelerin \u0130l G\u00fcvenlik ve Acil Durumlar Koordinasyon Merkezi (GAMER) taraf\u0131ndan yak\u0131ndan takip edilece\u011fi ifade edildi. Toplant\u0131ya \u0130l Emniyet M\u00fcd\u00fcr Yard\u0131mc\u0131s\u0131 Emin Top\u00e7u, \u0130l Jandarma Komutan Yard\u0131mc\u0131s\u0131 Jandarma Albay \u00c7a\u011fr\u0131 Demir\u00f6z, \u0130l \u0130dare Denetim M\u00fcd\u00fcr Vekili Tuncay Ero\u011ful, G\u00fcvenlik \u015eube M\u00fcd\u00fcr Vekili \u00d6mer Oru\u00e7o\u011flu ve Belge Y\u00f6netim ve Koordinasyon \u015eube M\u00fcd\u00fcr Vekili Komiser Serhat Topkaya da kat\u0131ld\u0131.<br \/><\/p>\n","protected":false},"excerpt":{"rendered":"<p>1 Haziran 2025 Pazar g\u00fcn\u00fc Afyonkarahisar\u2019\u0131n 14 mahalle ve k\u00f6y\u00fcnde yenilenecek muhtarl\u0131k se\u00e7imlerine ili\u015fkin haz\u0131rl\u0131klar \u00e7er\u00e7evesinde bir koordinasyon toplant\u0131s\u0131 d\u00fczenlendi. Toplant\u0131ya Vali Yard\u0131mc\u0131s\u0131 U\u011fur Kolsuz ba\u015fkanl\u0131k etti. Se\u00e7imlerin g\u00fcvenli, huzurlu ve sa\u011fl\u0131kl\u0131 bir ortamda ger\u00e7ekle\u015fmesi amac\u0131yla al\u0131nacak tedbirlerin g\u00f6r\u00fc\u015f\u00fcld\u00fc\u011f\u00fc toplant\u0131da; oy verme i\u015flemleri, sand\u0131k kurullar\u0131n\u0131n olu\u015fturulmas\u0131 ve se\u00e7im s\u00fcrecine ili\u015fkin di\u011fer lojistik konular ele al\u0131nd\u0131&#8230;.<\/p>\n","protected":false},"author":1,"featured_media":32083,"comment_status":"open","ping_status":"open","sticky":false,"template":"","format":"standard","meta":{"_crdt_document":"","footnotes":""},"categories":[1],"tags":[],"class_list":["post-32082","post","type-post","status-publish","format-standard","has-post-thumbnail","hentry","category-guncel"],"_links":{"self":[{"href":"https:\/\/www.egemtv.com\/index.php?rest_route=\/wp\/v2\/posts\/32082","targetHints":{"allow":["GET"]}}],"collection":[{"href":"https:\/\/www.egemtv.com\/index.php?rest_route=\/wp\/v2\/posts"}],"about":[{"href":"https:\/\/www.egemtv.com\/index.php?rest_route=\/wp\/v2\/types\/post"}],"author":[{"embeddable":true,"href":"https:\/\/www.egemtv.com\/index.php?rest_route=\/wp\/v2\/users\/1"}],"replies":[{"embeddable":true,"href":"https:\/\/www.egemtv.com\/index.php?rest_route=%2Fwp%2Fv2%2Fcomments&post=32082"}],"version-history":[{"count":1,"href":"https:\/\/www.egemtv.com\/index.php?rest_route=\/wp\/v2\/posts\/32082\/revisions"}],"predecessor-version":[{"id":32084,"href":"https:\/\/www.egemtv.com\/index.php?rest_route=\/wp\/v2\/posts\/32082\/revisions\/32084"}],"wp:featuredmedia":[{"embeddable":true,"href":"https:\/\/www.egemtv.com\/index.php?rest_route=\/wp\/v2\/media\/32083"}],"wp:attachment":[{"href":"https:\/\/www.egemtv.com\/index.php?rest_route=%2Fwp%2Fv2%2Fmedia&parent=32082"}],"wp:term":[{"taxonomy":"category","embeddable":true,"href":"https:\/\/www.egemtv.com\/index.php?rest_route=%2Fwp%2Fv2%2Fcategories&post=32082"},{"taxonomy":"post_tag","embeddable":true,"href":"https:\/\/www.egemtv.com\/index.php?rest_route=%2Fwp%2Fv2%2Ftags&post=32082"}],"curies":[{"name":"wp","href":"https:\/\/api.w.org\/{rel}","templated":true}]}}