{"id":32079,"date":"2025-05-29T09:37:44","date_gmt":"2025-05-29T06:37:44","guid":{"rendered":"https:\/\/www.egemtv.com\/?p=32079"},"modified":"2025-05-29T09:37:49","modified_gmt":"2025-05-29T06:37:49","slug":"gekadan-aydin-sanayisinde-yesil-ve-dijital-donusum-icin-is-birligi-hamlesi","status":"publish","type":"post","link":"https:\/\/www.egemtv.com\/?p=32079","title":{"rendered":"GEKA\u2019dan Ayd\u0131n sanayisinde ye\u015fil ve dijital d\u00f6n\u00fc\u015f\u00fcm i\u00e7in i\u015f birli\u011fi hamlesi"},"content":{"rendered":"<p>G\u00fcney Ege Kalk\u0131nma Ajans\u0131 (GEKA), Ayd\u0131n Sanayi Odas\u0131\u2019n\u0131n ev sahipli\u011finde Ayd\u0131n sanayisinin ye\u015fil ve dijital d\u00f6n\u00fc\u015f\u00fcm\u00fcn\u00fc h\u0131zland\u0131rmak amac\u0131yla \u00f6nemli bir toplant\u0131 d\u00fczenledi. Toplant\u0131da, sanayi ekosisteminde i\u015f birli\u011fi ve e\u015fg\u00fcd\u00fcm mekanizmalar\u0131n\u0131n g\u00fc\u00e7lendirilmesi ele al\u0131nd\u0131.<\/p>\n<p>Toplant\u0131ya Ayd\u0131n Sanayi Odas\u0131 (AYSO), Ayd\u0131n Ticaret Odas\u0131 (AYTO), Ayd\u0131n Sanayi ve Teknoloji \u0130l M\u00fcd\u00fcrl\u00fc\u011f\u00fc, KOSGEB \u0130l M\u00fcd\u00fcrl\u00fc\u011f\u00fc, Ayd\u0131n Organize Sanayi B\u00f6lgesi (OSB), AST\u0130M OSB ve Ortaklar OSB temsilcileri kat\u0131ld\u0131.<\/p>\n<p>A\u00e7\u0131l\u0131\u015f konu\u015fmas\u0131n\u0131 yapan GEKA Sanayi Politikalar\u0131 Birim Ba\u015fkan\u0131 Bar\u0131\u015f K\u0131yak, sanayide \u00e7evre dostu ve dijital \u00e7\u00f6z\u00fcmlerin benimsenmesinin rekabet g\u00fcc\u00fcn\u00fc art\u0131rmadaki kritik rol\u00fcne dikkat \u00e7ekti. B\u00f6lgedeki kurumlar\u0131n stratejik i\u015f birlikleri geli\u015ftirmesi gerekti\u011fini vurgulayan K\u0131yak, toplant\u0131n\u0131n temel g\u00fcndemini bilgi payla\u015f\u0131m\u0131n\u0131n art\u0131r\u0131lmas\u0131, ortak proje geli\u015ftirme imkanlar\u0131 ve fon kaynaklar\u0131n\u0131n etkin kullan\u0131m\u0131 olarak \u00f6zetledi.<br \/>\n<br \/>Kat\u0131l\u0131mc\u0131 kurumlar, mevcut \u00e7al\u0131\u015fmalar\u0131n\u0131 payla\u015f\u0131rken; ye\u015fil d\u00f6n\u00fc\u015f\u00fcm, enerji verimlili\u011fi, dijitalle\u015fme ve insan kayna\u011f\u0131n\u0131n geli\u015ftirilmesine y\u00f6nelik e\u011fitim ihtiya\u00e7lar\u0131 gibi alanlarda ortak hareket etme konusunda g\u00f6r\u00fc\u015f birli\u011fine vard\u0131.<\/p>\n<p>Toplant\u0131 sonunda, Ayd\u0131n sanayisini ye\u015fil ve dijital d\u00f6n\u00fc\u015f\u00fcm \u00f6ncelikleri do\u011frultusunda destekleyecek somut proje fikirlerinin geli\u015ftirilmesi ve yak\u0131n i\u015f birli\u011finin s\u00fcrd\u00fcr\u00fclmesi konusunda mutabakata var\u0131ld\u0131. GEKA Sanayi Politikalar\u0131 Birim Ba\u015fkan\u0131 Bar\u0131\u015f K\u0131yak, GEKA\u2019n\u0131n b\u00f6lgesel kalk\u0131nma hedefleri do\u011frultusunda i\u015f birli\u011fi s\u00fcrecini devam ettireceklerini, Ayd\u0131n sanayisinin d\u00f6n\u00fc\u015f\u00fcm\u00fcne etkin katk\u0131 sa\u011flayacak projelerin ger\u00e7ekle\u015fmesini hedeflediklerini belirtti.<br \/><\/p>\n","protected":false},"excerpt":{"rendered":"<p>G\u00fcney Ege Kalk\u0131nma Ajans\u0131 (GEKA), Ayd\u0131n Sanayi Odas\u0131\u2019n\u0131n ev sahipli\u011finde Ayd\u0131n sanayisinin ye\u015fil ve dijital d\u00f6n\u00fc\u015f\u00fcm\u00fcn\u00fc h\u0131zland\u0131rmak amac\u0131yla \u00f6nemli bir toplant\u0131 d\u00fczenledi. Toplant\u0131da, sanayi ekosisteminde i\u015f birli\u011fi ve e\u015fg\u00fcd\u00fcm mekanizmalar\u0131n\u0131n g\u00fc\u00e7lendirilmesi ele al\u0131nd\u0131. Toplant\u0131ya Ayd\u0131n Sanayi Odas\u0131 (AYSO), Ayd\u0131n Ticaret Odas\u0131 (AYTO), Ayd\u0131n Sanayi ve Teknoloji \u0130l M\u00fcd\u00fcrl\u00fc\u011f\u00fc, KOSGEB \u0130l M\u00fcd\u00fcrl\u00fc\u011f\u00fc, Ayd\u0131n Organize Sanayi B\u00f6lgesi&#8230;<\/p>\n","protected":false},"author":1,"featured_media":32080,"comment_status":"open","ping_status":"open","sticky":false,"template":"","format":"standard","meta":{"_crdt_document":"","footnotes":""},"categories":[125],"tags":[],"class_list":["post-32079","post","type-post","status-publish","format-standard","has-post-thumbnail","hentry","category-ekonomi"],"_links":{"self":[{"href":"https:\/\/www.egemtv.com\/index.php?rest_route=\/wp\/v2\/posts\/32079","targetHints":{"allow":["GET"]}}],"collection":[{"href":"https:\/\/www.egemtv.com\/index.php?rest_route=\/wp\/v2\/posts"}],"about":[{"href":"https:\/\/www.egemtv.com\/index.php?rest_route=\/wp\/v2\/types\/post"}],"author":[{"embeddable":true,"href":"https:\/\/www.egemtv.com\/index.php?rest_route=\/wp\/v2\/users\/1"}],"replies":[{"embeddable":true,"href":"https:\/\/www.egemtv.com\/index.php?rest_route=%2Fwp%2Fv2%2Fcomments&post=32079"}],"version-history":[{"count":1,"href":"https:\/\/www.egemtv.com\/index.php?rest_route=\/wp\/v2\/posts\/32079\/revisions"}],"predecessor-version":[{"id":32081,"href":"https:\/\/www.egemtv.com\/index.php?rest_route=\/wp\/v2\/posts\/32079\/revisions\/32081"}],"wp:featuredmedia":[{"embeddable":true,"href":"https:\/\/www.egemtv.com\/index.php?rest_route=\/wp\/v2\/media\/32080"}],"wp:attachment":[{"href":"https:\/\/www.egemtv.com\/index.php?rest_route=%2Fwp%2Fv2%2Fmedia&parent=32079"}],"wp:term":[{"taxonomy":"category","embeddable":true,"href":"https:\/\/www.egemtv.com\/index.php?rest_route=%2Fwp%2Fv2%2Fcategories&post=32079"},{"taxonomy":"post_tag","embeddable":true,"href":"https:\/\/www.egemtv.com\/index.php?rest_route=%2Fwp%2Fv2%2Ftags&post=32079"}],"curies":[{"name":"wp","href":"https:\/\/api.w.org\/{rel}","templated":true}]}}