{"id":32076,"date":"2025-05-29T09:37:39","date_gmt":"2025-05-29T06:37:39","guid":{"rendered":"https:\/\/www.egemtv.com\/?p=32076"},"modified":"2025-05-29T09:37:44","modified_gmt":"2025-05-29T06:37:44","slug":"geleneksel-cocuk-oyunlari-senligi-renkli-goruntulere-sahne-oldu","status":"publish","type":"post","link":"https:\/\/www.egemtv.com\/?p=32076","title":{"rendered":"Geleneksel \u00e7ocuk oyunlar\u0131 \u015fenli\u011fi renkli g\u00f6r\u00fcnt\u00fclere sahne oldu"},"content":{"rendered":"<p>Afyonkarahisar \u0130l Milli E\u011fitim M\u00fcd\u00fcrl\u00fc\u011f\u00fc ile Gen\u00e7lik ve Spor \u0130l M\u00fcd\u00fcrl\u00fc\u011f\u00fc i\u015f birli\u011finde d\u00fczenlenen &#8220;Geleneksel \u00c7ocuk Oyunlar\u0131 \u015eenli\u011fi&#8221;, Kocatepe Spor Kompleksi Atletizm Sahas\u0131\u2019nda ger\u00e7ekle\u015ftirildi.<br \/>\n<br \/>Etkinli\u011fe \u0130l Milli E\u011fitim M\u00fcd\u00fcr\u00fc Mira\u00e7 S\u00fcnnetci, Gen\u00e7lik ve Spor \u0130l M\u00fcd\u00fcr\u00fc \u0130smail Hakk\u0131 Kasapo\u011flu, \u0130l Milli E\u011fitim M\u00fcd\u00fcr Yard\u0131mc\u0131s\u0131 Mevl\u00fct \u00c7\u0131nar, GS\u0130M Spor Hizmetleri M\u00fcd\u00fcr\u00fc Y\u0131lmaz Er\u015fen, \u00e7ok say\u0131da antren\u00f6r, \u00f6\u011fretmen ve \u00f6\u011frenci kat\u0131ld\u0131. Renkli g\u00f6r\u00fcnt\u00fclere sahne olan etkinlikte, \u00f6\u011frenciler oyun alanlar\u0131nda hem k\u0131yas\u0131ya yar\u0131\u015ft\u0131 hem de doyas\u0131ya e\u011flendi. Afyonkarahisar merkezdeki 42 ilkokuldan 3. ve 4. s\u0131n\u0131f \u00f6\u011frencilerinin kat\u0131l\u0131m sa\u011flad\u0131\u011f\u0131 \u015fenlikte; ip atlama, kaleli yakan top, \u00e7emberle i\u015f birli\u011fi, seksek ve halat \u00e7ekme gibi geleneksel oyunlarla \u00e7ocuklar hem kaliteli vakit ge\u00e7irdi hem de tak\u0131m ruhunu deneyimledi.<br \/>\n<br \/>Geleneksel oyunlara b\u00fcy\u00fck ilgi g\u00f6steren \u00f6\u011frenciler, g\u00fcn boyunca co\u015fkuyla oyunlar oynarken, il m\u00fcd\u00fcrleri de bu ne\u015feye ortak olarak \u00e7ocuklar\u0131n mutlulu\u011funu payla\u015ft\u0131.<br \/><\/p>\n","protected":false},"excerpt":{"rendered":"<p>Afyonkarahisar \u0130l Milli E\u011fitim M\u00fcd\u00fcrl\u00fc\u011f\u00fc ile Gen\u00e7lik ve Spor \u0130l M\u00fcd\u00fcrl\u00fc\u011f\u00fc i\u015f birli\u011finde d\u00fczenlenen &#8220;Geleneksel \u00c7ocuk Oyunlar\u0131 \u015eenli\u011fi&#8221;, Kocatepe Spor Kompleksi Atletizm Sahas\u0131\u2019nda ger\u00e7ekle\u015ftirildi. Etkinli\u011fe \u0130l Milli E\u011fitim M\u00fcd\u00fcr\u00fc Mira\u00e7 S\u00fcnnetci, Gen\u00e7lik ve Spor \u0130l M\u00fcd\u00fcr\u00fc \u0130smail Hakk\u0131 Kasapo\u011flu, \u0130l Milli E\u011fitim M\u00fcd\u00fcr Yard\u0131mc\u0131s\u0131 Mevl\u00fct \u00c7\u0131nar, GS\u0130M Spor Hizmetleri M\u00fcd\u00fcr\u00fc Y\u0131lmaz Er\u015fen, \u00e7ok say\u0131da antren\u00f6r,&#8230;<\/p>\n","protected":false},"author":1,"featured_media":32077,"comment_status":"open","ping_status":"open","sticky":false,"template":"","format":"standard","meta":{"_crdt_document":"","footnotes":""},"categories":[1],"tags":[],"class_list":["post-32076","post","type-post","status-publish","format-standard","has-post-thumbnail","hentry","category-guncel"],"_links":{"self":[{"href":"https:\/\/www.egemtv.com\/index.php?rest_route=\/wp\/v2\/posts\/32076","targetHints":{"allow":["GET"]}}],"collection":[{"href":"https:\/\/www.egemtv.com\/index.php?rest_route=\/wp\/v2\/posts"}],"about":[{"href":"https:\/\/www.egemtv.com\/index.php?rest_route=\/wp\/v2\/types\/post"}],"author":[{"embeddable":true,"href":"https:\/\/www.egemtv.com\/index.php?rest_route=\/wp\/v2\/users\/1"}],"replies":[{"embeddable":true,"href":"https:\/\/www.egemtv.com\/index.php?rest_route=%2Fwp%2Fv2%2Fcomments&post=32076"}],"version-history":[{"count":1,"href":"https:\/\/www.egemtv.com\/index.php?rest_route=\/wp\/v2\/posts\/32076\/revisions"}],"predecessor-version":[{"id":32078,"href":"https:\/\/www.egemtv.com\/index.php?rest_route=\/wp\/v2\/posts\/32076\/revisions\/32078"}],"wp:featuredmedia":[{"embeddable":true,"href":"https:\/\/www.egemtv.com\/index.php?rest_route=\/wp\/v2\/media\/32077"}],"wp:attachment":[{"href":"https:\/\/www.egemtv.com\/index.php?rest_route=%2Fwp%2Fv2%2Fmedia&parent=32076"}],"wp:term":[{"taxonomy":"category","embeddable":true,"href":"https:\/\/www.egemtv.com\/index.php?rest_route=%2Fwp%2Fv2%2Fcategories&post=32076"},{"taxonomy":"post_tag","embeddable":true,"href":"https:\/\/www.egemtv.com\/index.php?rest_route=%2Fwp%2Fv2%2Ftags&post=32076"}],"curies":[{"name":"wp","href":"https:\/\/api.w.org\/{rel}","templated":true}]}}