{"id":32073,"date":"2025-05-29T09:37:34","date_gmt":"2025-05-29T06:37:34","guid":{"rendered":"https:\/\/www.egemtv.com\/?p=32073"},"modified":"2025-05-29T09:37:39","modified_gmt":"2025-05-29T06:37:39","slug":"afyonkarahisarda-ozel-yureklerden-anlamli-sergi","status":"publish","type":"post","link":"https:\/\/www.egemtv.com\/?p=32073","title":{"rendered":"Afyonkarahisar\u2019da \u00f6zel y\u00fcreklerden anlaml\u0131 sergi"},"content":{"rendered":"<p>Afyonkarahisar\u2019da 2024-2025 e\u011fitim \u00f6\u011fretim y\u0131l\u0131 Hayat Boyu \u00d6\u011frenme Haftas\u0131 etkinlikleri \u00e7er\u00e7evesinde \u00d6zel Y\u00fcrekler Kurs Merkezi\u2019nde d\u00fczenlenen &#8220;Y\u0131l Sonu Sergisi&#8221; yo\u011fun kat\u0131l\u0131mla ger\u00e7ekle\u015fti.<br \/>\n<br \/>Serginin a\u00e7\u0131l\u0131\u015f\u0131na Vali Yard\u0131mc\u0131s\u0131 \u00d6zlem K\u0131l\u0131\u00e7t\u00fcrk, \u0130l Milli E\u011fitim M\u00fcd\u00fcr\u00fc Mira\u00e7 S\u00fcnnetci, \u0130l Emniyet M\u00fcd\u00fcr\u00fc Ahmet Birtan Erol, Afyonkarahisar A\u011f\u0131r D\u00fczey Zihinsel Engelliler Derne\u011fi Ba\u015fkan\u0131 Hatice \u00d6zkan, Engelsiz Ya\u015fam Derne\u011fi \u00fcyeleri, \u015fube m\u00fcd\u00fcrleri, okul ve kurum y\u00f6neticileri, usta \u00f6\u011freticiler ile kursiyerler kat\u0131ld\u0131. Sergide, kursiyerler taraf\u0131ndan titizlikle haz\u0131rlanan havlu i\u015flemeleri, ke\u00e7e \u00e7antalar, etamin ve tel k\u0131rma i\u015fleri ile amigurumi anahtarl\u0131klar b\u00fcy\u00fck ilgi g\u00f6rd\u00fc. El eme\u011fi g\u00f6z nuru \u00fcr\u00fcnler, kat\u0131l\u0131mc\u0131lardan tam not ald\u0131. \u0130l Milli E\u011fitim M\u00fcd\u00fcr\u00fc Mira\u00e7 S\u00fcnnetci, sergideki \u00fcr\u00fcnlerde eme\u011fi ge\u00e7en t\u00fcm kursiyerlere te\u015fekk\u00fcr ederek, bu t\u00fcr etkinliklerin bireylerin kendilerini ifade etmeleri ve sosyalle\u015fmeleri a\u00e7\u0131s\u0131ndan \u00f6nemli oldu\u011funu vurgulad\u0131. Etkinlik sonunda kat\u0131l\u0131mc\u0131lar, \u00f6\u011frencilerle birlikte d\u00fczenlenen e\u011flenceye kat\u0131larak unutulmaz anlar ya\u015fad\u0131.<br \/><\/p>\n","protected":false},"excerpt":{"rendered":"<p>Afyonkarahisar\u2019da 2024-2025 e\u011fitim \u00f6\u011fretim y\u0131l\u0131 Hayat Boyu \u00d6\u011frenme Haftas\u0131 etkinlikleri \u00e7er\u00e7evesinde \u00d6zel Y\u00fcrekler Kurs Merkezi\u2019nde d\u00fczenlenen &#8220;Y\u0131l Sonu Sergisi&#8221; yo\u011fun kat\u0131l\u0131mla ger\u00e7ekle\u015fti. Serginin a\u00e7\u0131l\u0131\u015f\u0131na Vali Yard\u0131mc\u0131s\u0131 \u00d6zlem K\u0131l\u0131\u00e7t\u00fcrk, \u0130l Milli E\u011fitim M\u00fcd\u00fcr\u00fc Mira\u00e7 S\u00fcnnetci, \u0130l Emniyet M\u00fcd\u00fcr\u00fc Ahmet Birtan Erol, Afyonkarahisar A\u011f\u0131r D\u00fczey Zihinsel Engelliler Derne\u011fi Ba\u015fkan\u0131 Hatice \u00d6zkan, Engelsiz Ya\u015fam Derne\u011fi \u00fcyeleri, \u015fube m\u00fcd\u00fcrleri,&#8230;<\/p>\n","protected":false},"author":1,"featured_media":32074,"comment_status":"open","ping_status":"open","sticky":false,"template":"","format":"standard","meta":{"_crdt_document":"","footnotes":""},"categories":[1],"tags":[],"class_list":["post-32073","post","type-post","status-publish","format-standard","has-post-thumbnail","hentry","category-guncel"],"_links":{"self":[{"href":"https:\/\/www.egemtv.com\/index.php?rest_route=\/wp\/v2\/posts\/32073","targetHints":{"allow":["GET"]}}],"collection":[{"href":"https:\/\/www.egemtv.com\/index.php?rest_route=\/wp\/v2\/posts"}],"about":[{"href":"https:\/\/www.egemtv.com\/index.php?rest_route=\/wp\/v2\/types\/post"}],"author":[{"embeddable":true,"href":"https:\/\/www.egemtv.com\/index.php?rest_route=\/wp\/v2\/users\/1"}],"replies":[{"embeddable":true,"href":"https:\/\/www.egemtv.com\/index.php?rest_route=%2Fwp%2Fv2%2Fcomments&post=32073"}],"version-history":[{"count":1,"href":"https:\/\/www.egemtv.com\/index.php?rest_route=\/wp\/v2\/posts\/32073\/revisions"}],"predecessor-version":[{"id":32075,"href":"https:\/\/www.egemtv.com\/index.php?rest_route=\/wp\/v2\/posts\/32073\/revisions\/32075"}],"wp:featuredmedia":[{"embeddable":true,"href":"https:\/\/www.egemtv.com\/index.php?rest_route=\/wp\/v2\/media\/32074"}],"wp:attachment":[{"href":"https:\/\/www.egemtv.com\/index.php?rest_route=%2Fwp%2Fv2%2Fmedia&parent=32073"}],"wp:term":[{"taxonomy":"category","embeddable":true,"href":"https:\/\/www.egemtv.com\/index.php?rest_route=%2Fwp%2Fv2%2Fcategories&post=32073"},{"taxonomy":"post_tag","embeddable":true,"href":"https:\/\/www.egemtv.com\/index.php?rest_route=%2Fwp%2Fv2%2Ftags&post=32073"}],"curies":[{"name":"wp","href":"https:\/\/api.w.org\/{rel}","templated":true}]}}