{"id":32070,"date":"2025-05-29T09:37:29","date_gmt":"2025-05-29T06:37:29","guid":{"rendered":"https:\/\/www.egemtv.com\/?p=32070"},"modified":"2025-05-29T09:37:34","modified_gmt":"2025-05-29T06:37:34","slug":"aydin-buyuksehirden-yaza-merhaba-partisi","status":"publish","type":"post","link":"https:\/\/www.egemtv.com\/?p=32070","title":{"rendered":"Ayd\u0131n B\u00fcy\u00fck\u015fehir\u2019den Yaza Merhaba partisi"},"content":{"rendered":"<p>Ayd\u0131n B\u00fcy\u00fck\u015fehir Belediyesi, k\u00fclt\u00fcr ve sanat etkinlikleriyle \u015fehrin k\u00fclt\u00fcrel hayat\u0131n\u0131 zenginle\u015ftirmeye devam ediyor.<br \/>\n<br \/>Ayd\u0131n B\u00fcy\u00fck\u015fehir Belediyesi T\u00fcrk Sanat M\u00fczi\u011fi Korosu taraf\u0131ndan haz\u0131rlanan \u2018Yaza Merhaba Konseri\u2019 ile vatanda\u015flar unutulmaz anlar ya\u015fad\u0131. \u015e\u00fckran G\u00fcng\u00f6r-Y\u0131ld\u0131z Kenter K\u00fclt\u00fcr Merkezi ve Tiyatro Salonu\u2019nda ger\u00e7ekle\u015ftirilen konser, vatanda\u015flar\u0131 ge\u00e7mi\u015f y\u0131llar\u0131n g\u00fczellikleri ile dolu bir yolculu\u011fa \u00e7\u0131kard\u0131. \u015eef Murat Aky\u00fczl\u00fc y\u00f6netimindeki konserde \u015fark\u0131lar hep bir a\u011f\u0131zdan s\u00f6ylendi, keyifli anlar ya\u015fand\u0131. \u0130zmir Mar\u015f\u0131 e\u015fli\u011finde sonlanan muhte\u015fem gecede merhum sanat\u00e7\u0131 Volkan Konak\u2019\u0131n sevilen eserleri de seslendirildi.<br \/>\n<br \/>Yurdun t\u00fcm y\u00f6relerinden e\u015fsiz eserlerin seslendirildi\u011fi konser, izleyiciler taraf\u0131ndan da b\u00fcy\u00fck be\u011feni ile kar\u015f\u0131land\u0131. Vatanda\u015flar, etkinli\u011fin d\u00fczenlenmesinden ve sanata verilen destekten dolay\u0131 Ayd\u0131n B\u00fcy\u00fck\u015fehir Belediye Ba\u015fkan\u0131 \u00d6zlem \u00c7er\u00e7io\u011flu\u2019na te\u015fekk\u00fcr etti.<br \/><\/p>\n","protected":false},"excerpt":{"rendered":"<p>Ayd\u0131n B\u00fcy\u00fck\u015fehir Belediyesi, k\u00fclt\u00fcr ve sanat etkinlikleriyle \u015fehrin k\u00fclt\u00fcrel hayat\u0131n\u0131 zenginle\u015ftirmeye devam ediyor. Ayd\u0131n B\u00fcy\u00fck\u015fehir Belediyesi T\u00fcrk Sanat M\u00fczi\u011fi Korosu taraf\u0131ndan haz\u0131rlanan \u2018Yaza Merhaba Konseri\u2019 ile vatanda\u015flar unutulmaz anlar ya\u015fad\u0131. \u015e\u00fckran G\u00fcng\u00f6r-Y\u0131ld\u0131z Kenter K\u00fclt\u00fcr Merkezi ve Tiyatro Salonu\u2019nda ger\u00e7ekle\u015ftirilen konser, vatanda\u015flar\u0131 ge\u00e7mi\u015f y\u0131llar\u0131n g\u00fczellikleri ile dolu bir yolculu\u011fa \u00e7\u0131kard\u0131. \u015eef Murat Aky\u00fczl\u00fc y\u00f6netimindeki konserde \u015fark\u0131lar&#8230;<\/p>\n","protected":false},"author":1,"featured_media":32071,"comment_status":"open","ping_status":"open","sticky":false,"template":"","format":"standard","meta":{"_crdt_document":"","footnotes":""},"categories":[1],"tags":[],"class_list":["post-32070","post","type-post","status-publish","format-standard","has-post-thumbnail","hentry","category-guncel"],"_links":{"self":[{"href":"https:\/\/www.egemtv.com\/index.php?rest_route=\/wp\/v2\/posts\/32070","targetHints":{"allow":["GET"]}}],"collection":[{"href":"https:\/\/www.egemtv.com\/index.php?rest_route=\/wp\/v2\/posts"}],"about":[{"href":"https:\/\/www.egemtv.com\/index.php?rest_route=\/wp\/v2\/types\/post"}],"author":[{"embeddable":true,"href":"https:\/\/www.egemtv.com\/index.php?rest_route=\/wp\/v2\/users\/1"}],"replies":[{"embeddable":true,"href":"https:\/\/www.egemtv.com\/index.php?rest_route=%2Fwp%2Fv2%2Fcomments&post=32070"}],"version-history":[{"count":1,"href":"https:\/\/www.egemtv.com\/index.php?rest_route=\/wp\/v2\/posts\/32070\/revisions"}],"predecessor-version":[{"id":32072,"href":"https:\/\/www.egemtv.com\/index.php?rest_route=\/wp\/v2\/posts\/32070\/revisions\/32072"}],"wp:featuredmedia":[{"embeddable":true,"href":"https:\/\/www.egemtv.com\/index.php?rest_route=\/wp\/v2\/media\/32071"}],"wp:attachment":[{"href":"https:\/\/www.egemtv.com\/index.php?rest_route=%2Fwp%2Fv2%2Fmedia&parent=32070"}],"wp:term":[{"taxonomy":"category","embeddable":true,"href":"https:\/\/www.egemtv.com\/index.php?rest_route=%2Fwp%2Fv2%2Fcategories&post=32070"},{"taxonomy":"post_tag","embeddable":true,"href":"https:\/\/www.egemtv.com\/index.php?rest_route=%2Fwp%2Fv2%2Ftags&post=32070"}],"curies":[{"name":"wp","href":"https:\/\/api.w.org\/{rel}","templated":true}]}}