{"id":32067,"date":"2025-05-29T09:37:24","date_gmt":"2025-05-29T06:37:24","guid":{"rendered":"https:\/\/www.egemtv.com\/?p=32067"},"modified":"2025-05-29T09:37:29","modified_gmt":"2025-05-29T06:37:29","slug":"hisarcikta-dogal-golette-buyuleyici-bahar-manzarasi","status":"publish","type":"post","link":"https:\/\/www.egemtv.com\/?p=32067","title":{"rendered":"Hisarc\u0131k\u2019ta do\u011fal g\u00f6lette b\u00fcy\u00fcleyici bahar manzaras\u0131"},"content":{"rendered":"<p>K\u00fctahya\u2019n\u0131n Hisarc\u0131k il\u00e7esi bulunan do\u011fal g\u00f6let bahar\u0131n gelmesiyle e\u015fsiz bir g\u00fczelli\u011fe b\u00fcr\u00fcnd\u00fc.<br \/>\n<br \/>Orman \u0130\u015fletme \u015eefli\u011fi b\u00f6lgesinde il\u00e7eye 15 kilometre mesafedeki \u00c7\u0131narl\u0131 Dere mevkiinde Hisarc\u0131k-Simav karayoluna 2 kilometre uzakl\u0131kta bulunan do\u011fal g\u00f6let ilkbahar\u0131n gelmesiyle ayr\u0131 bir g\u00fczelli\u011fe b\u00fcr\u00fcnd\u00fc. Kara\u00e7am a\u011fa\u00e7lar\u0131n\u0131n aras\u0131nda ya\u011fmur ve kar sular\u0131ndan olu\u015fan k\u00f6yl\u00fclerin &#8220;E\u015fek K\u0131rd\u0131\u011f\u0131&#8221; ad\u0131n\u0131 verdi\u011fi do\u011fal g\u00f6let sakin ve gizemli g\u00f6r\u00fcn\u00fc\u015f\u00fcyle b\u00fcy\u00fcleyici bir g\u00fczellik sunuyor. Y\u00f6rede \u00e7ok az ki\u015finin bildi\u011fi mavi ile ye\u015fil rengin birle\u015fti\u011fi g\u00f6let ke\u015ffedilmeyi bekliyor.<br \/><\/p>\n","protected":false},"excerpt":{"rendered":"<p>K\u00fctahya\u2019n\u0131n Hisarc\u0131k il\u00e7esi bulunan do\u011fal g\u00f6let bahar\u0131n gelmesiyle e\u015fsiz bir g\u00fczelli\u011fe b\u00fcr\u00fcnd\u00fc. Orman \u0130\u015fletme \u015eefli\u011fi b\u00f6lgesinde il\u00e7eye 15 kilometre mesafedeki \u00c7\u0131narl\u0131 Dere mevkiinde Hisarc\u0131k-Simav karayoluna 2 kilometre uzakl\u0131kta bulunan do\u011fal g\u00f6let ilkbahar\u0131n gelmesiyle ayr\u0131 bir g\u00fczelli\u011fe b\u00fcr\u00fcnd\u00fc. Kara\u00e7am a\u011fa\u00e7lar\u0131n\u0131n aras\u0131nda ya\u011fmur ve kar sular\u0131ndan olu\u015fan k\u00f6yl\u00fclerin &#8220;E\u015fek K\u0131rd\u0131\u011f\u0131&#8221; ad\u0131n\u0131 verdi\u011fi do\u011fal g\u00f6let sakin ve gizemli&#8230;<\/p>\n","protected":false},"author":1,"featured_media":32068,"comment_status":"open","ping_status":"open","sticky":false,"template":"","format":"standard","meta":{"_crdt_document":"","footnotes":""},"categories":[1],"tags":[],"class_list":["post-32067","post","type-post","status-publish","format-standard","has-post-thumbnail","hentry","category-guncel"],"_links":{"self":[{"href":"https:\/\/www.egemtv.com\/index.php?rest_route=\/wp\/v2\/posts\/32067","targetHints":{"allow":["GET"]}}],"collection":[{"href":"https:\/\/www.egemtv.com\/index.php?rest_route=\/wp\/v2\/posts"}],"about":[{"href":"https:\/\/www.egemtv.com\/index.php?rest_route=\/wp\/v2\/types\/post"}],"author":[{"embeddable":true,"href":"https:\/\/www.egemtv.com\/index.php?rest_route=\/wp\/v2\/users\/1"}],"replies":[{"embeddable":true,"href":"https:\/\/www.egemtv.com\/index.php?rest_route=%2Fwp%2Fv2%2Fcomments&post=32067"}],"version-history":[{"count":1,"href":"https:\/\/www.egemtv.com\/index.php?rest_route=\/wp\/v2\/posts\/32067\/revisions"}],"predecessor-version":[{"id":32069,"href":"https:\/\/www.egemtv.com\/index.php?rest_route=\/wp\/v2\/posts\/32067\/revisions\/32069"}],"wp:featuredmedia":[{"embeddable":true,"href":"https:\/\/www.egemtv.com\/index.php?rest_route=\/wp\/v2\/media\/32068"}],"wp:attachment":[{"href":"https:\/\/www.egemtv.com\/index.php?rest_route=%2Fwp%2Fv2%2Fmedia&parent=32067"}],"wp:term":[{"taxonomy":"category","embeddable":true,"href":"https:\/\/www.egemtv.com\/index.php?rest_route=%2Fwp%2Fv2%2Fcategories&post=32067"},{"taxonomy":"post_tag","embeddable":true,"href":"https:\/\/www.egemtv.com\/index.php?rest_route=%2Fwp%2Fv2%2Ftags&post=32067"}],"curies":[{"name":"wp","href":"https:\/\/api.w.org\/{rel}","templated":true}]}}