{"id":32064,"date":"2025-05-29T09:37:21","date_gmt":"2025-05-29T06:37:21","guid":{"rendered":"https:\/\/www.egemtv.com\/?p=32064"},"modified":"2025-05-29T09:37:24","modified_gmt":"2025-05-29T06:37:24","slug":"koycegizli-2-ogrenci-tasarim-yarismasinda-dereceye-girdi","status":"publish","type":"post","link":"https:\/\/www.egemtv.com\/?p=32064","title":{"rendered":"K\u00f6yce\u011fizli 2 \u00f6\u011frenci tasar\u0131m yar\u0131\u015fmas\u0131nda dereceye girdi"},"content":{"rendered":"<p>Mu\u011fla\u2019n\u0131n K\u00f6yce\u011fiz il\u00e7esinden iki lise \u00f6\u011frencisi Ak\u0131l ve Zek\u00e2 Oyunlar\u0131 Tasar\u0131m yar\u0131\u015fmas\u0131nda dereceye girme ba\u015far\u0131s\u0131n\u0131 g\u00f6sterdi.<\/p>\n<p>Mu\u011fla \u0130l Milli E\u011fitim M\u00fcd\u00fcrl\u00fc\u011f\u00fc taraf\u0131ndan d\u00fczenlenen \u2018Akl\u0131n Yolu Maarif Etkinlikleri Liseler Aras\u0131 Ak\u0131l ve Zek\u00e2 Oyunlar\u0131 Tasar\u0131m Yar\u0131\u015fmas\u0131\u2019 sonu\u00e7land\u0131. Ak\u0131l ve Zek\u00e2 Oyunlar\u0131 Tasar\u0131m Yar\u0131\u015fmas\u0131nda yap\u0131lan de\u011ferlendirmelere g\u00f6re; 1. Selahattin Turan-Milas Anadolu Lisesi, 2. Batuhan \u00c7ak\u0131r-K\u00f6yce\u011fiz Mesleki ve Teknik Anadolu Lisesi, 3. Yi\u011fit Kaplan-K\u00f6yce\u011fiz Mesleki ve Teknik Anadolu Lisesi oldu. Ak\u0131l ve Zek\u00e2 Oyunlar\u0131 Tasar\u0131m Yar\u0131\u015fmas\u0131nda liseli \u00f6\u011frenciler hem stratejik d\u00fc\u015f\u00fcnme hem de \u00f6zg\u00fcn tasar\u0131m becerilerini ortaya koydu.<br \/><\/p>\n","protected":false},"excerpt":{"rendered":"<p>Mu\u011fla\u2019n\u0131n K\u00f6yce\u011fiz il\u00e7esinden iki lise \u00f6\u011frencisi Ak\u0131l ve Zek\u00e2 Oyunlar\u0131 Tasar\u0131m yar\u0131\u015fmas\u0131nda dereceye girme ba\u015far\u0131s\u0131n\u0131 g\u00f6sterdi. Mu\u011fla \u0130l Milli E\u011fitim M\u00fcd\u00fcrl\u00fc\u011f\u00fc taraf\u0131ndan d\u00fczenlenen \u2018Akl\u0131n Yolu Maarif Etkinlikleri Liseler Aras\u0131 Ak\u0131l ve Zek\u00e2 Oyunlar\u0131 Tasar\u0131m Yar\u0131\u015fmas\u0131\u2019 sonu\u00e7land\u0131. Ak\u0131l ve Zek\u00e2 Oyunlar\u0131 Tasar\u0131m Yar\u0131\u015fmas\u0131nda yap\u0131lan de\u011ferlendirmelere g\u00f6re; 1. Selahattin Turan-Milas Anadolu Lisesi, 2. Batuhan \u00c7ak\u0131r-K\u00f6yce\u011fiz Mesleki ve&#8230;<\/p>\n","protected":false},"author":1,"featured_media":32065,"comment_status":"open","ping_status":"open","sticky":false,"template":"","format":"standard","meta":{"_crdt_document":"","footnotes":""},"categories":[1],"tags":[],"class_list":["post-32064","post","type-post","status-publish","format-standard","has-post-thumbnail","hentry","category-guncel"],"_links":{"self":[{"href":"https:\/\/www.egemtv.com\/index.php?rest_route=\/wp\/v2\/posts\/32064","targetHints":{"allow":["GET"]}}],"collection":[{"href":"https:\/\/www.egemtv.com\/index.php?rest_route=\/wp\/v2\/posts"}],"about":[{"href":"https:\/\/www.egemtv.com\/index.php?rest_route=\/wp\/v2\/types\/post"}],"author":[{"embeddable":true,"href":"https:\/\/www.egemtv.com\/index.php?rest_route=\/wp\/v2\/users\/1"}],"replies":[{"embeddable":true,"href":"https:\/\/www.egemtv.com\/index.php?rest_route=%2Fwp%2Fv2%2Fcomments&post=32064"}],"version-history":[{"count":1,"href":"https:\/\/www.egemtv.com\/index.php?rest_route=\/wp\/v2\/posts\/32064\/revisions"}],"predecessor-version":[{"id":32066,"href":"https:\/\/www.egemtv.com\/index.php?rest_route=\/wp\/v2\/posts\/32064\/revisions\/32066"}],"wp:featuredmedia":[{"embeddable":true,"href":"https:\/\/www.egemtv.com\/index.php?rest_route=\/wp\/v2\/media\/32065"}],"wp:attachment":[{"href":"https:\/\/www.egemtv.com\/index.php?rest_route=%2Fwp%2Fv2%2Fmedia&parent=32064"}],"wp:term":[{"taxonomy":"category","embeddable":true,"href":"https:\/\/www.egemtv.com\/index.php?rest_route=%2Fwp%2Fv2%2Fcategories&post=32064"},{"taxonomy":"post_tag","embeddable":true,"href":"https:\/\/www.egemtv.com\/index.php?rest_route=%2Fwp%2Fv2%2Ftags&post=32064"}],"curies":[{"name":"wp","href":"https:\/\/api.w.org\/{rel}","templated":true}]}}