{"id":32061,"date":"2025-05-29T09:37:17","date_gmt":"2025-05-29T06:37:17","guid":{"rendered":"https:\/\/www.egemtv.com\/?p=32061"},"modified":"2025-05-29T09:37:21","modified_gmt":"2025-05-29T06:37:21","slug":"floor-curling-turkiye-sampiyonasi-heyecani-denizlide-yasandi","status":"publish","type":"post","link":"https:\/\/www.egemtv.com\/?p=32061","title":{"rendered":"Floor Curling T\u00fcrkiye \u015eampiyonas\u0131 heyecan\u0131 Denizli\u2019de ya\u015fand\u0131"},"content":{"rendered":"<p>Okul Sporlar\u0131 Floor Curling Y\u0131ld\u0131zlar T\u00fcrkiye \u015eampiyonas\u0131,  Denizli\u2019nin ev sahipli\u011finde Vali Recep Yaz\u0131c\u0131o\u011flu Spor Salonu\u2019nda ger\u00e7ekle\u015fti. 29 ilden 135 sporcunun m\u00fccadele etti\u011fi \u015fampiyona sonunda dereceye giren tak\u0131mlara \u00f6d\u00fclleri takdim edildi.<\/p>\n<p>Gen\u00e7lik ve Spor Bakanl\u0131\u011f\u0131 koordinesinde d\u00fczenlenen Okul Sporlar\u0131 Yar\u0131\u015fmalar\u0131 farkl\u0131 bran\u015flarda devam ediyor. Yar\u0131\u015fma takvimi kapsam\u0131nda Floor Curling Y\u0131ld\u0131zlar T\u00fcrkiye \u015eampiyonas\u0131 26-28 May\u0131s 2025 tarihleri aras\u0131nda Denizli\u2019nin ev sahipli\u011finde ger\u00e7ekle\u015fti. Vali Recep Yaz\u0131c\u0131o\u011flu Spor Salonunda oynanan m\u00fcsabakalarda, 29 ilden 45 okul tak\u0131m\u0131, toplam 135 sporcu k\u0131yas\u0131ya m\u00fccadele etti. \u00dc\u00e7 g\u00fcn s\u00fcren yar\u0131\u015fmalar sonunda, farkl\u0131 kategorilerde dereceye giren okul tak\u0131mlar\u0131na kupa ve madalyalar\u0131 takdim edildi.<\/p>\n<p>Denizli Gen\u00e7lik ve Spor \u0130l M\u00fcd\u00fcrl\u00fc\u011f\u00fc taraf\u0131ndan organize edilen \u015fampiyona sonunda dereceye giren tak\u0131mlar da belirlendi. K\u0131zlar kategorisinde \u015fampiyon Bursa Turgut Y\u0131lmaz \u0130pek Yat\u0131l\u0131 B\u00f6lge Ortaokulu olurken, Erkekler ile Karma kategorisinde K\u0131rklareli P\u0131narhisar Atat\u00fcrk Ortaokulu T\u00fcrkiye \u015eampiyonu oldu. D\u00fczenlenen t\u00f6rende dereceye giren tak\u0131mlara madalya ve kupalar\u0131, Gen\u00e7lik ve Spor \u0130l M\u00fcd\u00fcrl\u00fc\u011f\u00fc Okul Sporlar\u0131 \u015eube M\u00fcd\u00fcr\u00fc Erdem Ayd\u0131n taraf\u0131ndan takdim edildi. \u015eampiyonada sportmenlik ruhuna uygun davran\u0131\u015flar\u0131 dolay\u0131s\u0131yla, Gaziantep Azize-Abdulkadir Hamamc\u0131o\u011flu Ortaokulu Beden E\u011fitimi \u00d6\u011fretmeni Tayfun Kanat\u2019a Fairplay \u00f6d\u00fcl\u00fcn\u00fc ise Gen\u00e7lik Spor \u0130l M\u00fcd\u00fcrl\u00fc\u011f\u00fc Spor Hizmetleri M\u00fcd\u00fcr\u00fc Serap An takdim etti.<br \/><\/p>\n","protected":false},"excerpt":{"rendered":"<p>Okul Sporlar\u0131 Floor Curling Y\u0131ld\u0131zlar T\u00fcrkiye \u015eampiyonas\u0131, Denizli\u2019nin ev sahipli\u011finde Vali Recep Yaz\u0131c\u0131o\u011flu Spor Salonu\u2019nda ger\u00e7ekle\u015fti. 29 ilden 135 sporcunun m\u00fccadele etti\u011fi \u015fampiyona sonunda dereceye giren tak\u0131mlara \u00f6d\u00fclleri takdim edildi. Gen\u00e7lik ve Spor Bakanl\u0131\u011f\u0131 koordinesinde d\u00fczenlenen Okul Sporlar\u0131 Yar\u0131\u015fmalar\u0131 farkl\u0131 bran\u015flarda devam ediyor. Yar\u0131\u015fma takvimi kapsam\u0131nda Floor Curling Y\u0131ld\u0131zlar T\u00fcrkiye \u015eampiyonas\u0131 26-28 May\u0131s 2025 tarihleri&#8230;<\/p>\n","protected":false},"author":1,"featured_media":32062,"comment_status":"open","ping_status":"open","sticky":false,"template":"","format":"standard","meta":{"_crdt_document":"","footnotes":""},"categories":[4],"tags":[],"class_list":["post-32061","post","type-post","status-publish","format-standard","has-post-thumbnail","hentry","category-spor"],"_links":{"self":[{"href":"https:\/\/www.egemtv.com\/index.php?rest_route=\/wp\/v2\/posts\/32061","targetHints":{"allow":["GET"]}}],"collection":[{"href":"https:\/\/www.egemtv.com\/index.php?rest_route=\/wp\/v2\/posts"}],"about":[{"href":"https:\/\/www.egemtv.com\/index.php?rest_route=\/wp\/v2\/types\/post"}],"author":[{"embeddable":true,"href":"https:\/\/www.egemtv.com\/index.php?rest_route=\/wp\/v2\/users\/1"}],"replies":[{"embeddable":true,"href":"https:\/\/www.egemtv.com\/index.php?rest_route=%2Fwp%2Fv2%2Fcomments&post=32061"}],"version-history":[{"count":1,"href":"https:\/\/www.egemtv.com\/index.php?rest_route=\/wp\/v2\/posts\/32061\/revisions"}],"predecessor-version":[{"id":32063,"href":"https:\/\/www.egemtv.com\/index.php?rest_route=\/wp\/v2\/posts\/32061\/revisions\/32063"}],"wp:featuredmedia":[{"embeddable":true,"href":"https:\/\/www.egemtv.com\/index.php?rest_route=\/wp\/v2\/media\/32062"}],"wp:attachment":[{"href":"https:\/\/www.egemtv.com\/index.php?rest_route=%2Fwp%2Fv2%2Fmedia&parent=32061"}],"wp:term":[{"taxonomy":"category","embeddable":true,"href":"https:\/\/www.egemtv.com\/index.php?rest_route=%2Fwp%2Fv2%2Fcategories&post=32061"},{"taxonomy":"post_tag","embeddable":true,"href":"https:\/\/www.egemtv.com\/index.php?rest_route=%2Fwp%2Fv2%2Ftags&post=32061"}],"curies":[{"name":"wp","href":"https:\/\/api.w.org\/{rel}","templated":true}]}}