{"id":32058,"date":"2025-05-29T09:37:13","date_gmt":"2025-05-29T06:37:13","guid":{"rendered":"https:\/\/www.egemtv.com\/?p=32058"},"modified":"2025-05-29T09:37:17","modified_gmt":"2025-05-29T06:37:17","slug":"gercegi-jandarma-ortaya-cikardi","status":"publish","type":"post","link":"https:\/\/www.egemtv.com\/?p=32058","title":{"rendered":"Ger\u00e7e\u011fi jandarma ortaya \u00e7\u0131kard\u0131"},"content":{"rendered":"<p>Ayd\u0131n\u2019\u0131n Efeler il\u00e7esinde d\u00fcn ak\u015fam saatlerinde hayat\u0131n\u0131 kaybeden 4 ya\u015f\u0131ndaki \u00e7ocu\u011fun pikaptan d\u00fc\u015ferek de\u011fil, geri manevra yapan arac\u0131n alt\u0131nda kalarak hayat\u0131n\u0131 kaybetti\u011fi tespit edilirken, ara\u00e7 s\u00fcr\u00fcc\u00fcs\u00fc g\u00f6zalt\u0131na al\u0131nd\u0131.<\/p>\n<p>Efeler \u0130l\u00e7esi Kocag\u00fcr Mahallesi\u2019nde d\u00fcn saat 17.30 s\u0131ralar\u0131nda Enes \u00c7. isimli 4 ya\u015f\u0131ndaki \u00e7ocu\u011fun kamyonet kasas\u0131ndan d\u00fc\u015fmesi sonras\u0131nda hastanede hayat\u0131n\u0131 kaybetti\u011fi bildirildi. Ayd\u0131n \u0130l Jandarma Komutanl\u0131\u011f\u0131 Olay Yeri \u0130nceleme Timince (OY\u0130) olay yerinde ve otopsi incelemesinde olay\u0131n d\u00fc\u015fme olay\u0131 olmad\u0131\u011f\u0131 de\u011ferlendirildi. Ayd\u0131n Cumhuriyet Ba\u015fsavc\u0131l\u0131\u011f\u0131 koordinesinde Ayd\u0131n \u0130l Jandarma Komutanl\u0131\u011f\u0131 JASAT, OY\u0130, Efeler \u0130lce Jandarma Komutanl\u0131\u011f\u0131 JASAT ve Merkez Jandarma Karakol Komutanl\u0131\u011f\u0131nca meydana gelen \u00f6l\u00fcml\u00fc olay ile ilgili m\u00fc\u015fterek ara\u015ft\u0131rma ve soru\u015fturmaya ba\u015fland\u0131.<br \/>\n<br \/>Olay yerinde ve \u00e7evresinde yap\u0131lan ara\u015ft\u0131rma sonucu M.\u00d6.(37) isimli \u015f\u00fcphelinin 09  DL 053 plakal\u0131 ara\u00e7 ile Enes \u00c7. isimli \u00e7ocu\u011fu geri manevra yaparken ezdi\u011fi bilgisine ula\u015f\u0131ld\u0131. \u015e\u00fcphelinin yap\u0131lan kamera incelemesi sonucunda olay saatinde b\u00f6lgede oldu\u011fu ve ara\u00e7ta yap\u0131lan incelemede lastik ve \u00f6n kaput b\u00f6l\u00fcm\u00fcnde kan izleri tespit edildi. \u015e\u00fcpheli \u015fah\u0131s ayn\u0131 g\u00fcn yakalanarak al\u0131nan ifadesinde su\u00e7unu kabul etti\u011fi \u00f6\u011frenildi. \u015e\u00fcphelinin i\u015flemlerinin ard\u0131ndan adliyeye sevk edilece\u011fi \u00f6\u011frenildi.<br \/><\/p>\n","protected":false},"excerpt":{"rendered":"<p>Ayd\u0131n\u2019\u0131n Efeler il\u00e7esinde d\u00fcn ak\u015fam saatlerinde hayat\u0131n\u0131 kaybeden 4 ya\u015f\u0131ndaki \u00e7ocu\u011fun pikaptan d\u00fc\u015ferek de\u011fil, geri manevra yapan arac\u0131n alt\u0131nda kalarak hayat\u0131n\u0131 kaybetti\u011fi tespit edilirken, ara\u00e7 s\u00fcr\u00fcc\u00fcs\u00fc g\u00f6zalt\u0131na al\u0131nd\u0131. Efeler \u0130l\u00e7esi Kocag\u00fcr Mahallesi\u2019nde d\u00fcn saat 17.30 s\u0131ralar\u0131nda Enes \u00c7. isimli 4 ya\u015f\u0131ndaki \u00e7ocu\u011fun kamyonet kasas\u0131ndan d\u00fc\u015fmesi sonras\u0131nda hastanede hayat\u0131n\u0131 kaybetti\u011fi bildirildi. Ayd\u0131n \u0130l Jandarma Komutanl\u0131\u011f\u0131 Olay&#8230;<\/p>\n","protected":false},"author":1,"featured_media":32059,"comment_status":"open","ping_status":"open","sticky":false,"template":"","format":"standard","meta":{"_crdt_document":"","footnotes":""},"categories":[5],"tags":[],"class_list":["post-32058","post","type-post","status-publish","format-standard","has-post-thumbnail","hentry","category-asayis"],"_links":{"self":[{"href":"https:\/\/www.egemtv.com\/index.php?rest_route=\/wp\/v2\/posts\/32058","targetHints":{"allow":["GET"]}}],"collection":[{"href":"https:\/\/www.egemtv.com\/index.php?rest_route=\/wp\/v2\/posts"}],"about":[{"href":"https:\/\/www.egemtv.com\/index.php?rest_route=\/wp\/v2\/types\/post"}],"author":[{"embeddable":true,"href":"https:\/\/www.egemtv.com\/index.php?rest_route=\/wp\/v2\/users\/1"}],"replies":[{"embeddable":true,"href":"https:\/\/www.egemtv.com\/index.php?rest_route=%2Fwp%2Fv2%2Fcomments&post=32058"}],"version-history":[{"count":1,"href":"https:\/\/www.egemtv.com\/index.php?rest_route=\/wp\/v2\/posts\/32058\/revisions"}],"predecessor-version":[{"id":32060,"href":"https:\/\/www.egemtv.com\/index.php?rest_route=\/wp\/v2\/posts\/32058\/revisions\/32060"}],"wp:featuredmedia":[{"embeddable":true,"href":"https:\/\/www.egemtv.com\/index.php?rest_route=\/wp\/v2\/media\/32059"}],"wp:attachment":[{"href":"https:\/\/www.egemtv.com\/index.php?rest_route=%2Fwp%2Fv2%2Fmedia&parent=32058"}],"wp:term":[{"taxonomy":"category","embeddable":true,"href":"https:\/\/www.egemtv.com\/index.php?rest_route=%2Fwp%2Fv2%2Fcategories&post=32058"},{"taxonomy":"post_tag","embeddable":true,"href":"https:\/\/www.egemtv.com\/index.php?rest_route=%2Fwp%2Fv2%2Ftags&post=32058"}],"curies":[{"name":"wp","href":"https:\/\/api.w.org\/{rel}","templated":true}]}}