{"id":32055,"date":"2025-05-29T09:16:48","date_gmt":"2025-05-29T06:16:48","guid":{"rendered":"https:\/\/www.egemtv.com\/?p=32055"},"modified":"2025-05-29T09:16:53","modified_gmt":"2025-05-29T06:16:53","slug":"izmir-ticaret-odasina-milli-gurur-turkiye-dmexco-2025de","status":"publish","type":"post","link":"https:\/\/www.egemtv.com\/?p=32055","title":{"rendered":"\u0130zmir Ticaret Odas\u0131\u2019na \u2019milli\u2019 gurur: T\u00fcrkiye DMEXCO 2025\u2019de"},"content":{"rendered":"<p>\u0130zmir Ticaret Odas\u0131, Avrupa\u2019n\u0131n en \u00f6nemli dijital pazarlama ve teknoloji etkinlikleri aras\u0131nda yer alan, Almanya\u2019n\u0131n K\u00f6ln \u015fehrinde d\u00fczenlenecek DMEXCO 2025 Fuar\u0131\u2019na, T\u00fcrkiye taraf\u0131ndan ger\u00e7ekle\u015ftirilecek ilk &#8220;milli kat\u0131l\u0131m&#8221; organizasyonunu d\u00fczenleyecek. 17-18 Eyl\u00fcl tarihleri aras\u0131nda yap\u0131lacak fuara, sadece \u0130zmir\u2019den de\u011fil, t\u00fcm T\u00fcrkiye\u2019den firmalar, \u0130zmir Ticaret Odas\u0131 organizasyonu ile kat\u0131lacak.<br \/>\n<br \/>2024 y\u0131l\u0131nda 90 farkl\u0131 \u00fclkeden, 680 kat\u0131l\u0131mc\u0131 ve 40.000\u2019in \u00fczerinde profesyoneli bir araya getiren ve Google, Amazon Ads, Salesforce, Microsoft Advertising gibi k\u00fcresel firmalar\u0131n da yer ald\u0131\u011f\u0131 DMEXCO 2025 Fuar\u0131\u2019na T\u00fcrkiye\u2019den yap\u0131lacak ilk milli ziyaret organizasyonu i\u00e7in geri say\u0131m ba\u015flad\u0131.<\/p>\n<p>\u00d6zgener\u2019den davet<br \/>\n<br \/>Teknoloji ve Dijital Pazarlamada g\u00fcc\u00fcm\u00fcz\u00fc d\u00fcnyaya g\u00f6sterece\u011fimiz bu organizasyonun \u0130zmir Ticaret Odas\u0131\u2019n\u0131n ilk milli kat\u0131l\u0131m organizasyonu oldu\u011funu belirten \u0130zmir Ticaret Odas\u0131 Y\u00f6netim Kurulu Ba\u015fkan\u0131 Mahmut \u00d6zgener, &#8220;Uluslararas\u0131 bir fuara, \u00fclkemizi temsilen ilk kez milli kat\u0131l\u0131m ger\u00e7ekle\u015ftiriyoruz. Fuara kat\u0131lacak firmalar, Ticaret Bakanl\u0131\u011f\u0131m\u0131z\u0131n desteklerinden %70 oran\u0131nda faydalanabilecekler. Bili\u015fim sekt\u00f6r\u00fcnde faaliyet g\u00f6steren t\u00fcm firmalar\u0131m\u0131z\u0131 \u00fclkemizin dijital pazarlama ve teknoloji g\u00fcc\u00fcn\u00fc Odam\u0131z milli kat\u0131l\u0131m organizasyonunda t\u00fcm d\u00fcnyaya sergilemeye davet ediyorum&#8221; dedi.<br \/><\/p>\n","protected":false},"excerpt":{"rendered":"<p>\u0130zmir Ticaret Odas\u0131, Avrupa\u2019n\u0131n en \u00f6nemli dijital pazarlama ve teknoloji etkinlikleri aras\u0131nda yer alan, Almanya\u2019n\u0131n K\u00f6ln \u015fehrinde d\u00fczenlenecek DMEXCO 2025 Fuar\u0131\u2019na, T\u00fcrkiye taraf\u0131ndan ger\u00e7ekle\u015ftirilecek ilk &#8220;milli kat\u0131l\u0131m&#8221; organizasyonunu d\u00fczenleyecek. 17-18 Eyl\u00fcl tarihleri aras\u0131nda yap\u0131lacak fuara, sadece \u0130zmir\u2019den de\u011fil, t\u00fcm T\u00fcrkiye\u2019den firmalar, \u0130zmir Ticaret Odas\u0131 organizasyonu ile kat\u0131lacak. 2024 y\u0131l\u0131nda 90 farkl\u0131 \u00fclkeden, 680 kat\u0131l\u0131mc\u0131 ve&#8230;<\/p>\n","protected":false},"author":1,"featured_media":32056,"comment_status":"open","ping_status":"open","sticky":false,"template":"","format":"standard","meta":{"_crdt_document":"","footnotes":""},"categories":[125],"tags":[],"class_list":["post-32055","post","type-post","status-publish","format-standard","has-post-thumbnail","hentry","category-ekonomi"],"_links":{"self":[{"href":"https:\/\/www.egemtv.com\/index.php?rest_route=\/wp\/v2\/posts\/32055","targetHints":{"allow":["GET"]}}],"collection":[{"href":"https:\/\/www.egemtv.com\/index.php?rest_route=\/wp\/v2\/posts"}],"about":[{"href":"https:\/\/www.egemtv.com\/index.php?rest_route=\/wp\/v2\/types\/post"}],"author":[{"embeddable":true,"href":"https:\/\/www.egemtv.com\/index.php?rest_route=\/wp\/v2\/users\/1"}],"replies":[{"embeddable":true,"href":"https:\/\/www.egemtv.com\/index.php?rest_route=%2Fwp%2Fv2%2Fcomments&post=32055"}],"version-history":[{"count":1,"href":"https:\/\/www.egemtv.com\/index.php?rest_route=\/wp\/v2\/posts\/32055\/revisions"}],"predecessor-version":[{"id":32057,"href":"https:\/\/www.egemtv.com\/index.php?rest_route=\/wp\/v2\/posts\/32055\/revisions\/32057"}],"wp:featuredmedia":[{"embeddable":true,"href":"https:\/\/www.egemtv.com\/index.php?rest_route=\/wp\/v2\/media\/32056"}],"wp:attachment":[{"href":"https:\/\/www.egemtv.com\/index.php?rest_route=%2Fwp%2Fv2%2Fmedia&parent=32055"}],"wp:term":[{"taxonomy":"category","embeddable":true,"href":"https:\/\/www.egemtv.com\/index.php?rest_route=%2Fwp%2Fv2%2Fcategories&post=32055"},{"taxonomy":"post_tag","embeddable":true,"href":"https:\/\/www.egemtv.com\/index.php?rest_route=%2Fwp%2Fv2%2Ftags&post=32055"}],"curies":[{"name":"wp","href":"https:\/\/api.w.org\/{rel}","templated":true}]}}