{"id":32052,"date":"2025-05-28T21:34:41","date_gmt":"2025-05-28T18:34:41","guid":{"rendered":"https:\/\/www.egemtv.com\/?p=32052"},"modified":"2025-05-28T21:34:45","modified_gmt":"2025-05-28T18:34:45","slug":"baskan-yardimcisi-ertekinden-el-emegine-ziyaret","status":"publish","type":"post","link":"https:\/\/www.egemtv.com\/?p=32052","title":{"rendered":"Ba\u015fkan Yard\u0131mc\u0131s\u0131 Ertekin\u2019den el eme\u011fine ziyaret"},"content":{"rendered":"<p>K\u00fctahya Belediye Ba\u015fkan Yard\u0131mc\u0131s\u0131 Ha\u015fim Ertekin, Maltepe Mahallesi K\u00fclt\u00fcr ve Sosyal \u0130\u015fler Merkezi\u2019nde d\u00fczenlenen Y\u0131l Sonu Diki\u015f Nak\u0131\u015f Kursu Sergisi\u2019ne kat\u0131larak kad\u0131nlar\u0131n el eme\u011fiyle haz\u0131rlad\u0131\u011f\u0131 \u00fcr\u00fcnleri inceledi.<br \/>\n<br \/>Ziyareti s\u0131ras\u0131nda sergideki \u00fcr\u00fcnleri tek tek gezen Ertekin, mahalle sakinlerinin g\u00f6sterdi\u011fi emek ve \u00f6zen kar\u015f\u0131s\u0131nda memnuniyetini dile getirdi. Etkinlik kapsam\u0131nda Zafertepe Mahallesi K\u00fclt\u00fcr ve Sosyal \u0130\u015fler Merkezi\u2019nde kurulan stantlar\u0131 da ziyaret eden Ertekin, kursiyer kad\u0131nlar\u0131n \u00e7al\u0131\u015fmalar\u0131n\u0131 takdirle kar\u015f\u0131lad\u0131.<br \/>\n<br \/>Kad\u0131nlar\u0131n yeteneklerini bu t\u00fcr faaliyetlerle ortaya koymas\u0131n\u0131n b\u00fcy\u00fck \u00f6nem ta\u015f\u0131d\u0131\u011f\u0131n\u0131 belirten Ertekin, &#8220;Toplumun \u00fcretken bireyleri olan kad\u0131nlar\u0131m\u0131z\u0131n bu t\u00fcr sosyal ve k\u00fclt\u00fcrel etkinliklerde aktif rol almas\u0131, hem \u00f6zg\u00fcven hem de dayan\u0131\u015fma a\u00e7\u0131s\u0131ndan \u00e7ok de\u011ferli&#8221; dedi.<br \/>\n<br \/>Etkinli\u011fe Maltepe Mahallesi Muhtar\u0131 Zehra Yenice, M\u00fcderris Mahallesi Muhtar\u0131 \u0130smail Y\u0131lmaz, Hamidiye Mahallesi Muhtar\u0131 Mehmet Ali Gayg\u0131s\u0131z ve \u00e7ok say\u0131da vatanda\u015f da kat\u0131ld\u0131. Kat\u0131l\u0131mc\u0131lar, Ba\u015fkan Yard\u0131mc\u0131s\u0131 Ertekin\u2019in ziyaretinden duyduklar\u0131 memnuniyeti dile getirerek te\u015fekk\u00fcr etti.<br \/>\n<br \/>Halk E\u011fitimi Merkezi Usta \u00d6\u011freticisi Hasibe Duymu\u015f Kaka\u00e7 ise Maltepe Mahallesi\u2019nde sabah ve \u00f6\u011fle grubu olmak \u00fczere toplam 45 kursiyere diki\u015f nak\u0131\u015f e\u011fitimi verdi\u011fini belirtti.<br \/><\/p>\n","protected":false},"excerpt":{"rendered":"<p>K\u00fctahya Belediye Ba\u015fkan Yard\u0131mc\u0131s\u0131 Ha\u015fim Ertekin, Maltepe Mahallesi K\u00fclt\u00fcr ve Sosyal \u0130\u015fler Merkezi\u2019nde d\u00fczenlenen Y\u0131l Sonu Diki\u015f Nak\u0131\u015f Kursu Sergisi\u2019ne kat\u0131larak kad\u0131nlar\u0131n el eme\u011fiyle haz\u0131rlad\u0131\u011f\u0131 \u00fcr\u00fcnleri inceledi. Ziyareti s\u0131ras\u0131nda sergideki \u00fcr\u00fcnleri tek tek gezen Ertekin, mahalle sakinlerinin g\u00f6sterdi\u011fi emek ve \u00f6zen kar\u015f\u0131s\u0131nda memnuniyetini dile getirdi. Etkinlik kapsam\u0131nda Zafertepe Mahallesi K\u00fclt\u00fcr ve Sosyal \u0130\u015fler Merkezi\u2019nde kurulan&#8230;<\/p>\n","protected":false},"author":1,"featured_media":32053,"comment_status":"open","ping_status":"open","sticky":false,"template":"","format":"standard","meta":{"_crdt_document":"","footnotes":""},"categories":[1],"tags":[],"class_list":["post-32052","post","type-post","status-publish","format-standard","has-post-thumbnail","hentry","category-guncel"],"_links":{"self":[{"href":"https:\/\/www.egemtv.com\/index.php?rest_route=\/wp\/v2\/posts\/32052","targetHints":{"allow":["GET"]}}],"collection":[{"href":"https:\/\/www.egemtv.com\/index.php?rest_route=\/wp\/v2\/posts"}],"about":[{"href":"https:\/\/www.egemtv.com\/index.php?rest_route=\/wp\/v2\/types\/post"}],"author":[{"embeddable":true,"href":"https:\/\/www.egemtv.com\/index.php?rest_route=\/wp\/v2\/users\/1"}],"replies":[{"embeddable":true,"href":"https:\/\/www.egemtv.com\/index.php?rest_route=%2Fwp%2Fv2%2Fcomments&post=32052"}],"version-history":[{"count":1,"href":"https:\/\/www.egemtv.com\/index.php?rest_route=\/wp\/v2\/posts\/32052\/revisions"}],"predecessor-version":[{"id":32054,"href":"https:\/\/www.egemtv.com\/index.php?rest_route=\/wp\/v2\/posts\/32052\/revisions\/32054"}],"wp:featuredmedia":[{"embeddable":true,"href":"https:\/\/www.egemtv.com\/index.php?rest_route=\/wp\/v2\/media\/32053"}],"wp:attachment":[{"href":"https:\/\/www.egemtv.com\/index.php?rest_route=%2Fwp%2Fv2%2Fmedia&parent=32052"}],"wp:term":[{"taxonomy":"category","embeddable":true,"href":"https:\/\/www.egemtv.com\/index.php?rest_route=%2Fwp%2Fv2%2Fcategories&post=32052"},{"taxonomy":"post_tag","embeddable":true,"href":"https:\/\/www.egemtv.com\/index.php?rest_route=%2Fwp%2Fv2%2Ftags&post=32052"}],"curies":[{"name":"wp","href":"https:\/\/api.w.org\/{rel}","templated":true}]}}