{"id":32049,"date":"2025-05-28T21:16:50","date_gmt":"2025-05-28T18:16:50","guid":{"rendered":"https:\/\/www.egemtv.com\/?p=32049"},"modified":"2025-05-28T21:16:55","modified_gmt":"2025-05-28T18:16:55","slug":"vali-akbiyik-yangin-gozetleme-kulesinde-incelemelerde-bulundu","status":"publish","type":"post","link":"https:\/\/www.egemtv.com\/?p=32049","title":{"rendered":"Vali Akb\u0131y\u0131k yang\u0131n g\u00f6zetleme kulesinde incelemelerde bulundu"},"content":{"rendered":"<p>Orman yang\u0131nlar\u0131yla m\u00fccadele \u00e7al\u0131\u015fmalar\u0131 kapsam\u0131nda Mu\u011fla Valisi Dr. \u0130dris Akb\u0131y\u0131k, Ula Sakartepe Yang\u0131n G\u00f6zetleme Kulesinde incelemelerde bulundu.<br \/>\n<br \/>Mu\u011fla Orman B\u00f6lge M\u00fcd\u00fcr\u00fc Mustafa \u00dclk\u00fcd\u00fcr\u2019den bilgi alan Vali Akb\u0131y\u0131k, yang\u0131nlara erken m\u00fcdahalenin \u00f6nemine dikkat \u00e7ekerek, t\u00fcm ekiplerin g\u00f6rev ba\u015f\u0131nda oldu\u011funu ve gerekli t\u00fcm tedbirlerin al\u0131nd\u0131\u011f\u0131n\u0131 belirtti.<br \/>\n<br \/>Vali Akb\u0131y\u0131k, orman yang\u0131nlar\u0131n\u0131n \u00f6nlenmesi ve muhtemel orman yang\u0131nlar\u0131na h\u0131zl\u0131 m\u00fcdahale amac\u0131yla \u00e7al\u0131\u015fmalar\u0131n kararl\u0131l\u0131kla s\u00fcrd\u00fcr\u00fcld\u00fc\u011f\u00fc vurgulad\u0131. \u0130ncelemeleri s\u0131ras\u0131nda Vali \u0130dris Akb\u0131y\u0131k\u2019a Ula Kaymakam\u0131 Mehmet R\u0131dvan Do\u011fan, \u0130l Jandarma Komutan\u0131 Tu\u011fgeneral Emrullah B\u00fcy\u00fck, \u0130l Emniyet M\u00fcd\u00fcr\u00fc Ali Canbolat ve Sahil G\u00fcvenlik G\u00fcney Ege Grup Komutan\u0131 Yarbay Ak\u0131n Co\u015fkunlar e\u015flik etti.<br \/><\/p>\n","protected":false},"excerpt":{"rendered":"<p>Orman yang\u0131nlar\u0131yla m\u00fccadele \u00e7al\u0131\u015fmalar\u0131 kapsam\u0131nda Mu\u011fla Valisi Dr. \u0130dris Akb\u0131y\u0131k, Ula Sakartepe Yang\u0131n G\u00f6zetleme Kulesinde incelemelerde bulundu. Mu\u011fla Orman B\u00f6lge M\u00fcd\u00fcr\u00fc Mustafa \u00dclk\u00fcd\u00fcr\u2019den bilgi alan Vali Akb\u0131y\u0131k, yang\u0131nlara erken m\u00fcdahalenin \u00f6nemine dikkat \u00e7ekerek, t\u00fcm ekiplerin g\u00f6rev ba\u015f\u0131nda oldu\u011funu ve gerekli t\u00fcm tedbirlerin al\u0131nd\u0131\u011f\u0131n\u0131 belirtti. Vali Akb\u0131y\u0131k, orman yang\u0131nlar\u0131n\u0131n \u00f6nlenmesi ve muhtemel orman yang\u0131nlar\u0131na h\u0131zl\u0131 m\u00fcdahale&#8230;<\/p>\n","protected":false},"author":1,"featured_media":32050,"comment_status":"open","ping_status":"open","sticky":false,"template":"","format":"standard","meta":{"_crdt_document":"","footnotes":""},"categories":[1],"tags":[],"class_list":["post-32049","post","type-post","status-publish","format-standard","has-post-thumbnail","hentry","category-guncel"],"_links":{"self":[{"href":"https:\/\/www.egemtv.com\/index.php?rest_route=\/wp\/v2\/posts\/32049","targetHints":{"allow":["GET"]}}],"collection":[{"href":"https:\/\/www.egemtv.com\/index.php?rest_route=\/wp\/v2\/posts"}],"about":[{"href":"https:\/\/www.egemtv.com\/index.php?rest_route=\/wp\/v2\/types\/post"}],"author":[{"embeddable":true,"href":"https:\/\/www.egemtv.com\/index.php?rest_route=\/wp\/v2\/users\/1"}],"replies":[{"embeddable":true,"href":"https:\/\/www.egemtv.com\/index.php?rest_route=%2Fwp%2Fv2%2Fcomments&post=32049"}],"version-history":[{"count":1,"href":"https:\/\/www.egemtv.com\/index.php?rest_route=\/wp\/v2\/posts\/32049\/revisions"}],"predecessor-version":[{"id":32051,"href":"https:\/\/www.egemtv.com\/index.php?rest_route=\/wp\/v2\/posts\/32049\/revisions\/32051"}],"wp:featuredmedia":[{"embeddable":true,"href":"https:\/\/www.egemtv.com\/index.php?rest_route=\/wp\/v2\/media\/32050"}],"wp:attachment":[{"href":"https:\/\/www.egemtv.com\/index.php?rest_route=%2Fwp%2Fv2%2Fmedia&parent=32049"}],"wp:term":[{"taxonomy":"category","embeddable":true,"href":"https:\/\/www.egemtv.com\/index.php?rest_route=%2Fwp%2Fv2%2Fcategories&post=32049"},{"taxonomy":"post_tag","embeddable":true,"href":"https:\/\/www.egemtv.com\/index.php?rest_route=%2Fwp%2Fv2%2Ftags&post=32049"}],"curies":[{"name":"wp","href":"https:\/\/api.w.org\/{rel}","templated":true}]}}