{"id":32046,"date":"2025-05-28T21:16:46","date_gmt":"2025-05-28T18:16:46","guid":{"rendered":"https:\/\/www.egemtv.com\/?p=32046"},"modified":"2025-05-28T21:16:50","modified_gmt":"2025-05-28T18:16:50","slug":"kusadasi-aciklarinda-42-duzensiz-gocmen-kurtarildi","status":"publish","type":"post","link":"https:\/\/www.egemtv.com\/?p=32046","title":{"rendered":"Ku\u015fadas\u0131 a\u00e7\u0131klar\u0131nda 42 d\u00fczensiz g\u00f6\u00e7men kurtar\u0131ld\u0131"},"content":{"rendered":"<p>Ayd\u0131n\u2019\u0131n Ku\u015fadas\u0131 il\u00e7esi a\u00e7\u0131klar\u0131nda T\u00fcrk karasular\u0131na geri itilen 42 d\u00fczensiz g\u00f6\u00e7men Sahil G\u00fcvenlik ekiplerince kurtar\u0131ld\u0131.<\/p>\n<p>Ayd\u0131n a\u00e7\u0131klar\u0131ndan lastik bot veya can sallar\u0131 ile Yunanistan\u2019a ge\u00e7meye \u00e7al\u0131\u015fan ve Yunan sahil g\u00fcvenli\u011fi taraf\u0131ndan geri itilen d\u00fczensiz g\u00f6\u00e7menlere y\u00f6nelik \u00e7al\u0131\u015fmalar aral\u0131ks\u0131z devam ediyor. Edinilen bilgiye g\u00f6re Ku\u015fadas\u0131 a\u00e7\u0131klar\u0131nda Sahil G\u00fcvenlik ekipleri, deniz \u00fczerinde bir lastik botta d\u00fczensiz g\u00f6\u00e7menlerin bulundu\u011fu ihbar\u0131 ald\u0131. \u0130hbar \u00fczerine b\u00f6lgeye intikal eden Sahil G\u00fcvenlik Botlar\u0131, Yunanistan taraf\u0131ndan T\u00fcrk karasular\u0131na geri itilen lastik bot i\u00e7erisinde bulunan 42 d\u00fczensiz g\u00f6\u00e7meni kurtard\u0131. Kurtar\u0131lan g\u00f6\u00e7menler, gerekli sa\u011fl\u0131k kontrollerinin ve i\u015flemlerinin ard\u0131ndan \u0130l G\u00f6\u00e7 \u0130daresi\u2019ne teslim edildi. Sahil G\u00fcvenlik Komutanl\u0131\u011f\u0131, Ege Denizi\u2019nde ya\u015fanan bu t\u00fcr olaylara kar\u015f\u0131 7\/24 g\u00f6rev ba\u015f\u0131nda olduklar\u0131n\u0131 vurgularken, d\u00fczensiz g\u00f6\u00e7le m\u00fccadelenin kararl\u0131l\u0131kla s\u00fcrd\u00fcr\u00fclece\u011fi mesaj\u0131n\u0131 verdi.<br \/><\/p>\n","protected":false},"excerpt":{"rendered":"<p>Ayd\u0131n\u2019\u0131n Ku\u015fadas\u0131 il\u00e7esi a\u00e7\u0131klar\u0131nda T\u00fcrk karasular\u0131na geri itilen 42 d\u00fczensiz g\u00f6\u00e7men Sahil G\u00fcvenlik ekiplerince kurtar\u0131ld\u0131. Ayd\u0131n a\u00e7\u0131klar\u0131ndan lastik bot veya can sallar\u0131 ile Yunanistan\u2019a ge\u00e7meye \u00e7al\u0131\u015fan ve Yunan sahil g\u00fcvenli\u011fi taraf\u0131ndan geri itilen d\u00fczensiz g\u00f6\u00e7menlere y\u00f6nelik \u00e7al\u0131\u015fmalar aral\u0131ks\u0131z devam ediyor. Edinilen bilgiye g\u00f6re Ku\u015fadas\u0131 a\u00e7\u0131klar\u0131nda Sahil G\u00fcvenlik ekipleri, deniz \u00fczerinde bir lastik botta d\u00fczensiz g\u00f6\u00e7menlerin&#8230;<\/p>\n","protected":false},"author":1,"featured_media":32047,"comment_status":"open","ping_status":"open","sticky":false,"template":"","format":"standard","meta":{"_crdt_document":"","footnotes":""},"categories":[5],"tags":[],"class_list":["post-32046","post","type-post","status-publish","format-standard","has-post-thumbnail","hentry","category-asayis"],"_links":{"self":[{"href":"https:\/\/www.egemtv.com\/index.php?rest_route=\/wp\/v2\/posts\/32046","targetHints":{"allow":["GET"]}}],"collection":[{"href":"https:\/\/www.egemtv.com\/index.php?rest_route=\/wp\/v2\/posts"}],"about":[{"href":"https:\/\/www.egemtv.com\/index.php?rest_route=\/wp\/v2\/types\/post"}],"author":[{"embeddable":true,"href":"https:\/\/www.egemtv.com\/index.php?rest_route=\/wp\/v2\/users\/1"}],"replies":[{"embeddable":true,"href":"https:\/\/www.egemtv.com\/index.php?rest_route=%2Fwp%2Fv2%2Fcomments&post=32046"}],"version-history":[{"count":1,"href":"https:\/\/www.egemtv.com\/index.php?rest_route=\/wp\/v2\/posts\/32046\/revisions"}],"predecessor-version":[{"id":32048,"href":"https:\/\/www.egemtv.com\/index.php?rest_route=\/wp\/v2\/posts\/32046\/revisions\/32048"}],"wp:featuredmedia":[{"embeddable":true,"href":"https:\/\/www.egemtv.com\/index.php?rest_route=\/wp\/v2\/media\/32047"}],"wp:attachment":[{"href":"https:\/\/www.egemtv.com\/index.php?rest_route=%2Fwp%2Fv2%2Fmedia&parent=32046"}],"wp:term":[{"taxonomy":"category","embeddable":true,"href":"https:\/\/www.egemtv.com\/index.php?rest_route=%2Fwp%2Fv2%2Fcategories&post=32046"},{"taxonomy":"post_tag","embeddable":true,"href":"https:\/\/www.egemtv.com\/index.php?rest_route=%2Fwp%2Fv2%2Ftags&post=32046"}],"curies":[{"name":"wp","href":"https:\/\/api.w.org\/{rel}","templated":true}]}}