{"id":32043,"date":"2025-05-28T21:16:40","date_gmt":"2025-05-28T18:16:40","guid":{"rendered":"https:\/\/www.egemtv.com\/?p=32043"},"modified":"2025-05-28T21:16:46","modified_gmt":"2025-05-28T18:16:46","slug":"vali-musa-isin-is-arayanla-isveren-arasinda-eslesme-sorunu-yasiyoruz-kikaf-bu-alanda-kopru-kurabilir","status":"publish","type":"post","link":"https:\/\/www.egemtv.com\/?p=32043","title":{"rendered":"Vali Musa I\u015f\u0131n: &#8220;\u0130\u015f arayanla i\u015fveren aras\u0131nda e\u015fle\u015fme sorunu ya\u015f\u0131yoruz, K\u0130KAF bu alanda k\u00f6pr\u00fc kurabilir&#8221;"},"content":{"rendered":"<p>K\u00fctahya Valisi Musa I\u015f\u0131n, K\u00fctahya \u0130stihdam ve Kariyer Fuar\u0131\u2019n\u0131n (K\u0130KAF 2025) a\u00e7\u0131l\u0131\u015f t\u00f6reninde yapt\u0131\u011f\u0131 konu\u015fmada, i\u015fsizlikle ilgili de\u011ferlendirmelerde bulunarak i\u015f g\u00fcc\u00fc piyasas\u0131nda arz ve talep dengesizli\u011fine dikkat \u00e7ekerek, fuar\u0131n bu alanda bir k\u00f6pr\u00fc kurabilece\u011fini a\u00e7\u0131klad\u0131.<br \/>\n<br \/>Vali I\u015f\u0131n, T\u00fcrkiye genelinde i\u015fsizlik konusunun zaman zaman farkl\u0131 y\u00f6nleriyle tart\u0131\u015f\u0131ld\u0131\u011f\u0131n\u0131 ifade ederek, K\u00fctahya\u2019da da bu meselenin hem sanayi hem de tar\u0131m sekt\u00f6r\u00fcnde \u00f6nemli bir g\u00fcndem maddesi oldu\u011funu belirtti. K\u00fctahya\u2019daki organize sanayi b\u00f6lgeleri hakk\u0131nda bilgi veren I\u015f\u0131n, &#8220;\u015eu anda alt\u0131 organize sanayi b\u00f6lgemiz faaliyette. Bu y\u0131l Zafer OSB\u2019de \u00fcretim ba\u015flamas\u0131n\u0131, Simav Tar\u0131m OSB\u2019nin de faaliyete ge\u00e7mesini bekliyoruz. Ayr\u0131ca Simav\u2019da karma OSB ve hayvanc\u0131l\u0131k OSB \u00e7al\u0131\u015fmalar\u0131 da h\u0131zla devam ediyor&#8221; diye konu\u015ftu.<br \/>\n<br \/>K\u00fctahya \u0130l genelinde kay\u0131tl\u0131 i\u015fsiz say\u0131lar\u0131 ile sahadaki g\u00f6zlemler aras\u0131nda farkl\u0131l\u0131klar oldu\u011funa dikkat \u00e7eken I\u015f\u0131n, &#8220;Bir taraftan i\u015f arayanlara uygun i\u015f bulam\u0131yoruz, di\u011fer taraftan i\u015fe uygun nitelikte insan bulam\u0131yoruz. Sorunumuz bu. Belki bu fuar bu alanda bir k\u00f6pr\u00fc kurar&#8221; \u015feklinde konu\u015ftu.<br \/>\n<br \/>K\u00fctahya Valisi Musa I\u015f\u0131n, i\u015f d\u00fcnyas\u0131n\u0131n tecr\u00fcbeli ya da tecr\u00fcbesiz i\u015f g\u00fcc\u00fcne duydu\u011fu ihtiyaca da de\u011finerek, &#8220;Geldi\u011fimiz noktada bir\u00e7ok i\u015fveren, \u2018Tecr\u00fcbe aram\u0131yoruz, gelsin bizde kazans\u0131n\u2019 anlay\u0131\u015f\u0131nda. Gen\u00e7lerimizin bu f\u0131rsatlar\u0131 de\u011ferlendirmesi gerekiyor&#8221; ifadelerini kulland\u0131.<br \/>\n<br \/>\u0130\u015f d\u00fcnyas\u0131na \u00f6zel bir parantez a\u00e7an I\u015f\u0131n, i\u015f insanlar\u0131n\u0131 &#8220;toplumun y\u00fck\u00fcn\u00fc s\u0131rtlayan kahramanlar&#8221; olarak tan\u0131mlayarak \u015funlar\u0131 kaydetti:<br \/>\n<br \/>&#8220;Yedikleri, i\u00e7tikleri belli. Onlar da bizim gibi ya\u015f\u0131yorlar. Ama binlerce ki\u015fiye istihdam sa\u011fl\u0131yorlar. Bu insanlar\u0131 sadece alk\u0131\u015flam\u0131yoruz, destekliyoruz da. Onlar\u0131n s\u0131k\u0131nt\u0131s\u0131 bizim s\u0131k\u0131nt\u0131m\u0131zd\u0131r&#8221; dedi.<br \/><\/p>\n","protected":false},"excerpt":{"rendered":"<p>K\u00fctahya Valisi Musa I\u015f\u0131n, K\u00fctahya \u0130stihdam ve Kariyer Fuar\u0131\u2019n\u0131n (K\u0130KAF 2025) a\u00e7\u0131l\u0131\u015f t\u00f6reninde yapt\u0131\u011f\u0131 konu\u015fmada, i\u015fsizlikle ilgili de\u011ferlendirmelerde bulunarak i\u015f g\u00fcc\u00fc piyasas\u0131nda arz ve talep dengesizli\u011fine dikkat \u00e7ekerek, fuar\u0131n bu alanda bir k\u00f6pr\u00fc kurabilece\u011fini a\u00e7\u0131klad\u0131. Vali I\u015f\u0131n, T\u00fcrkiye genelinde i\u015fsizlik konusunun zaman zaman farkl\u0131 y\u00f6nleriyle tart\u0131\u015f\u0131ld\u0131\u011f\u0131n\u0131 ifade ederek, K\u00fctahya\u2019da da bu meselenin hem sanayi hem&#8230;<\/p>\n","protected":false},"author":1,"featured_media":32044,"comment_status":"open","ping_status":"open","sticky":false,"template":"","format":"standard","meta":{"_crdt_document":"","footnotes":""},"categories":[125],"tags":[],"class_list":["post-32043","post","type-post","status-publish","format-standard","has-post-thumbnail","hentry","category-ekonomi"],"_links":{"self":[{"href":"https:\/\/www.egemtv.com\/index.php?rest_route=\/wp\/v2\/posts\/32043","targetHints":{"allow":["GET"]}}],"collection":[{"href":"https:\/\/www.egemtv.com\/index.php?rest_route=\/wp\/v2\/posts"}],"about":[{"href":"https:\/\/www.egemtv.com\/index.php?rest_route=\/wp\/v2\/types\/post"}],"author":[{"embeddable":true,"href":"https:\/\/www.egemtv.com\/index.php?rest_route=\/wp\/v2\/users\/1"}],"replies":[{"embeddable":true,"href":"https:\/\/www.egemtv.com\/index.php?rest_route=%2Fwp%2Fv2%2Fcomments&post=32043"}],"version-history":[{"count":1,"href":"https:\/\/www.egemtv.com\/index.php?rest_route=\/wp\/v2\/posts\/32043\/revisions"}],"predecessor-version":[{"id":32045,"href":"https:\/\/www.egemtv.com\/index.php?rest_route=\/wp\/v2\/posts\/32043\/revisions\/32045"}],"wp:featuredmedia":[{"embeddable":true,"href":"https:\/\/www.egemtv.com\/index.php?rest_route=\/wp\/v2\/media\/32044"}],"wp:attachment":[{"href":"https:\/\/www.egemtv.com\/index.php?rest_route=%2Fwp%2Fv2%2Fmedia&parent=32043"}],"wp:term":[{"taxonomy":"category","embeddable":true,"href":"https:\/\/www.egemtv.com\/index.php?rest_route=%2Fwp%2Fv2%2Fcategories&post=32043"},{"taxonomy":"post_tag","embeddable":true,"href":"https:\/\/www.egemtv.com\/index.php?rest_route=%2Fwp%2Fv2%2Ftags&post=32043"}],"curies":[{"name":"wp","href":"https:\/\/api.w.org\/{rel}","templated":true}]}}