{"id":32040,"date":"2025-05-28T20:35:26","date_gmt":"2025-05-28T17:35:26","guid":{"rendered":"https:\/\/www.egemtv.com\/?p=32040"},"modified":"2025-05-28T20:35:30","modified_gmt":"2025-05-28T17:35:30","slug":"tavsanlida-cocuklarin-hayal-gucu-sergiye-yansidi","status":"publish","type":"post","link":"https:\/\/www.egemtv.com\/?p=32040","title":{"rendered":"Tav\u015fanl\u0131\u2019da \u00e7ocuklar\u0131n hayal g\u00fcc\u00fc sergiye yans\u0131d\u0131"},"content":{"rendered":"<p>K\u00fctahya\u2019n\u0131n Tav\u015fanl\u0131 il\u00e7esinde, Ressam Sabri \u00d6zdemir\u2019in kurucusu oldu\u011fu Beyaz Palet ve \u0130nci Sanat At\u00f6lyesi taraf\u0131ndan d\u00fczenlenen ilk karma resim sergisi, Bedesten AVM\u2019de sanatseverlerle bulu\u015ftu. \u00c7ocuklar\u0131n hayal g\u00fcc\u00fcnden ilhamla haz\u0131rlanan sergi, ziyaret\u00e7ilerden yo\u011fun ilgi g\u00f6rd\u00fc.<br \/>\n<br \/>Serginin a\u00e7\u0131l\u0131\u015f\u0131na Tav\u015fanl\u0131 \u0130l\u00e7e Milli E\u011fitim M\u00fcd\u00fcr\u00fc Ra\u015fit K\u00fc\u00e7\u00fckka\u011fn\u0131c\u0131, Tav\u015fanl\u0131 T Tipi Cezaevi M\u00fcd\u00fcr\u00fc Ceyhun \u00c7ift\u00e7i, belediye ba\u015fkan yard\u0131mc\u0131lar\u0131, Halk E\u011fitim M\u00fcd\u00fcr\u00fc Abdullah \u00d6zt\u00fcrk, okul y\u00f6neticileri, \u00f6\u011frenci velileri ve \u00e7ok say\u0131da vatanda\u015f kat\u0131ld\u0131.<br \/>\n<br \/>A\u00e7\u0131l\u0131\u015fta konu\u015fan Ressam Sabri \u00d6zdemir, \u00e7ocuklar\u0131n sanatsal geli\u015fimlerine katk\u0131 sa\u011flamak amac\u0131yla bu at\u00f6lyeyi kurdu\u011funu belirterek, sergide 9 \u00f6\u011frencinin haz\u0131rlad\u0131\u011f\u0131 45 akrilik boya \u00e7al\u0131\u015fmas\u0131n\u0131n yer ald\u0131\u011f\u0131n\u0131 s\u00f6yledi. Tablolar\u0131n tamam\u0131n\u0131n \u00e7ocuklar\u0131n hayal g\u00fcc\u00fcne dayand\u0131\u011f\u0131n\u0131 vurgulayan \u00d6zdemir, &#8220;Resimle u\u011fra\u015fmak \u00e7ocuklar \u00fczerinde \u00e7ok olumlu etkiler b\u0131rak\u0131yor. Bunu g\u00f6zlemlemek bizleri daha da motive ediyor&#8221; dedi.<br \/>\n<br \/>Sergide ayr\u0131ca Sabri \u00d6zdemir\u2019in usta \u00f6\u011fretici olarak g\u00f6rev yapt\u0131\u011f\u0131 Tav\u015fanl\u0131 T Tipi Cezaevi\u2019nde h\u00fck\u00fcml\u00fcler taraf\u0131ndan yap\u0131lan ah\u015fap oyuncaklar da yer ald\u0131. \u00d6zdemir, bu eserlerin ortaya \u00e7\u0131kmas\u0131nda eme\u011fi ge\u00e7en herkese te\u015fekk\u00fcr etti.<br \/>\n<br \/>Sanatseverlerin be\u011fenisini kazanan sergi, \u00f6zellikle \u00e7ocuklar\u0131n sanata olan ilgisini te\u015fvik etmesi a\u00e7\u0131s\u0131ndan \u00f6nemli bir ad\u0131m olarak de\u011ferlendirildi.<br \/><\/p>\n","protected":false},"excerpt":{"rendered":"<p>K\u00fctahya\u2019n\u0131n Tav\u015fanl\u0131 il\u00e7esinde, Ressam Sabri \u00d6zdemir\u2019in kurucusu oldu\u011fu Beyaz Palet ve \u0130nci Sanat At\u00f6lyesi taraf\u0131ndan d\u00fczenlenen ilk karma resim sergisi, Bedesten AVM\u2019de sanatseverlerle bulu\u015ftu. \u00c7ocuklar\u0131n hayal g\u00fcc\u00fcnden ilhamla haz\u0131rlanan sergi, ziyaret\u00e7ilerden yo\u011fun ilgi g\u00f6rd\u00fc. Serginin a\u00e7\u0131l\u0131\u015f\u0131na Tav\u015fanl\u0131 \u0130l\u00e7e Milli E\u011fitim M\u00fcd\u00fcr\u00fc Ra\u015fit K\u00fc\u00e7\u00fckka\u011fn\u0131c\u0131, Tav\u015fanl\u0131 T Tipi Cezaevi M\u00fcd\u00fcr\u00fc Ceyhun \u00c7ift\u00e7i, belediye ba\u015fkan yard\u0131mc\u0131lar\u0131, Halk E\u011fitim&#8230;<\/p>\n","protected":false},"author":1,"featured_media":32041,"comment_status":"open","ping_status":"open","sticky":false,"template":"","format":"standard","meta":{"_crdt_document":"","footnotes":""},"categories":[1],"tags":[],"class_list":["post-32040","post","type-post","status-publish","format-standard","has-post-thumbnail","hentry","category-guncel"],"_links":{"self":[{"href":"https:\/\/www.egemtv.com\/index.php?rest_route=\/wp\/v2\/posts\/32040","targetHints":{"allow":["GET"]}}],"collection":[{"href":"https:\/\/www.egemtv.com\/index.php?rest_route=\/wp\/v2\/posts"}],"about":[{"href":"https:\/\/www.egemtv.com\/index.php?rest_route=\/wp\/v2\/types\/post"}],"author":[{"embeddable":true,"href":"https:\/\/www.egemtv.com\/index.php?rest_route=\/wp\/v2\/users\/1"}],"replies":[{"embeddable":true,"href":"https:\/\/www.egemtv.com\/index.php?rest_route=%2Fwp%2Fv2%2Fcomments&post=32040"}],"version-history":[{"count":1,"href":"https:\/\/www.egemtv.com\/index.php?rest_route=\/wp\/v2\/posts\/32040\/revisions"}],"predecessor-version":[{"id":32042,"href":"https:\/\/www.egemtv.com\/index.php?rest_route=\/wp\/v2\/posts\/32040\/revisions\/32042"}],"wp:featuredmedia":[{"embeddable":true,"href":"https:\/\/www.egemtv.com\/index.php?rest_route=\/wp\/v2\/media\/32041"}],"wp:attachment":[{"href":"https:\/\/www.egemtv.com\/index.php?rest_route=%2Fwp%2Fv2%2Fmedia&parent=32040"}],"wp:term":[{"taxonomy":"category","embeddable":true,"href":"https:\/\/www.egemtv.com\/index.php?rest_route=%2Fwp%2Fv2%2Fcategories&post=32040"},{"taxonomy":"post_tag","embeddable":true,"href":"https:\/\/www.egemtv.com\/index.php?rest_route=%2Fwp%2Fv2%2Ftags&post=32040"}],"curies":[{"name":"wp","href":"https:\/\/api.w.org\/{rel}","templated":true}]}}