{"id":32037,"date":"2025-05-28T20:15:04","date_gmt":"2025-05-28T17:15:04","guid":{"rendered":"https:\/\/www.egemtv.com\/?p=32037"},"modified":"2025-05-28T20:15:09","modified_gmt":"2025-05-28T17:15:09","slug":"bodrumda-otluk-alanda-cikan-yangin-5-dekarlik-alani-kule-cevirdi","status":"publish","type":"post","link":"https:\/\/www.egemtv.com\/?p=32037","title":{"rendered":"Bodrum\u2019da otluk alanda \u00e7\u0131kan yang\u0131n 5 dekarl\u0131k alan\u0131 k\u00fcle \u00e7evirdi"},"content":{"rendered":"<p>Mu\u011fla\u2019n\u0131n Bodrum il\u00e7esinde, Derek\u00f6y ile \u0130slamhaneleri Mahalleleri aras\u0131nda bulunan otluk alanda \u00e7\u0131kan yang\u0131n pani\u011fe neden oldu. Saat 16.30 s\u0131ralar\u0131nda \u00e7\u0131kan yang\u0131n, ekiplerin yakla\u015f\u0131k 2 saatlik m\u00fcdahalesiyle kontrol alt\u0131na al\u0131nd\u0131.<br \/>\n<br \/>Yang\u0131n\u0131n \u00e7\u0131k\u0131\u015f nedeni hen\u00fcz belirlenemezken, \u00e7evredeki vatanda\u015flar\u0131n alevleri fark etmesi \u00fczerine durum itfaiye ve orman ekiplerine bildirildi. \u0130hbar \u00fczerine b\u00f6lgeye sevk edilen ekipler, yo\u011fun \u00e7aba sonucu yang\u0131n\u0131 s\u00f6nd\u00fcrd\u00fc ve ard\u0131ndan so\u011futma \u00e7al\u0131\u015fmas\u0131 ba\u015flatt\u0131.<br \/>\n<br \/>Yang\u0131nda yakla\u015f\u0131k 5 dekarl\u0131k alan\u0131n zarar g\u00f6rd\u00fc\u011f\u00fc \u00f6\u011frenilirken, olayla ilgili inceleme ba\u015flat\u0131ld\u0131.<br \/><\/p>\n","protected":false},"excerpt":{"rendered":"<p>Mu\u011fla\u2019n\u0131n Bodrum il\u00e7esinde, Derek\u00f6y ile \u0130slamhaneleri Mahalleleri aras\u0131nda bulunan otluk alanda \u00e7\u0131kan yang\u0131n pani\u011fe neden oldu. Saat 16.30 s\u0131ralar\u0131nda \u00e7\u0131kan yang\u0131n, ekiplerin yakla\u015f\u0131k 2 saatlik m\u00fcdahalesiyle kontrol alt\u0131na al\u0131nd\u0131. Yang\u0131n\u0131n \u00e7\u0131k\u0131\u015f nedeni hen\u00fcz belirlenemezken, \u00e7evredeki vatanda\u015flar\u0131n alevleri fark etmesi \u00fczerine durum itfaiye ve orman ekiplerine bildirildi. \u0130hbar \u00fczerine b\u00f6lgeye sevk edilen ekipler, yo\u011fun \u00e7aba sonucu&#8230;<\/p>\n","protected":false},"author":1,"featured_media":32038,"comment_status":"open","ping_status":"open","sticky":false,"template":"","format":"standard","meta":{"_crdt_document":"","footnotes":""},"categories":[5],"tags":[],"class_list":["post-32037","post","type-post","status-publish","format-standard","has-post-thumbnail","hentry","category-asayis"],"_links":{"self":[{"href":"https:\/\/www.egemtv.com\/index.php?rest_route=\/wp\/v2\/posts\/32037","targetHints":{"allow":["GET"]}}],"collection":[{"href":"https:\/\/www.egemtv.com\/index.php?rest_route=\/wp\/v2\/posts"}],"about":[{"href":"https:\/\/www.egemtv.com\/index.php?rest_route=\/wp\/v2\/types\/post"}],"author":[{"embeddable":true,"href":"https:\/\/www.egemtv.com\/index.php?rest_route=\/wp\/v2\/users\/1"}],"replies":[{"embeddable":true,"href":"https:\/\/www.egemtv.com\/index.php?rest_route=%2Fwp%2Fv2%2Fcomments&post=32037"}],"version-history":[{"count":1,"href":"https:\/\/www.egemtv.com\/index.php?rest_route=\/wp\/v2\/posts\/32037\/revisions"}],"predecessor-version":[{"id":32039,"href":"https:\/\/www.egemtv.com\/index.php?rest_route=\/wp\/v2\/posts\/32037\/revisions\/32039"}],"wp:featuredmedia":[{"embeddable":true,"href":"https:\/\/www.egemtv.com\/index.php?rest_route=\/wp\/v2\/media\/32038"}],"wp:attachment":[{"href":"https:\/\/www.egemtv.com\/index.php?rest_route=%2Fwp%2Fv2%2Fmedia&parent=32037"}],"wp:term":[{"taxonomy":"category","embeddable":true,"href":"https:\/\/www.egemtv.com\/index.php?rest_route=%2Fwp%2Fv2%2Fcategories&post=32037"},{"taxonomy":"post_tag","embeddable":true,"href":"https:\/\/www.egemtv.com\/index.php?rest_route=%2Fwp%2Fv2%2Ftags&post=32037"}],"curies":[{"name":"wp","href":"https:\/\/api.w.org\/{rel}","templated":true}]}}