{"id":32034,"date":"2025-05-28T20:14:59","date_gmt":"2025-05-28T17:14:59","guid":{"rendered":"https:\/\/www.egemtv.com\/?p=32034"},"modified":"2025-05-28T20:15:03","modified_gmt":"2025-05-28T17:15:03","slug":"pikaptan-dusen-cocuk-hayatini-kaybetti","status":"publish","type":"post","link":"https:\/\/www.egemtv.com\/?p=32034","title":{"rendered":"Pikaptan d\u00fc\u015fen \u00e7ocuk hayat\u0131n\u0131 kaybetti"},"content":{"rendered":"<p>Ayd\u0131n\u2019\u0131n Efeler il\u00e7esinde iddiaya g\u00f6re park halindeki pikaptan d\u00fc\u015fen 4 ya\u015f\u0131ndaki \u00e7ocuk hayat\u0131n\u0131 kaybetti.<br \/>\n<br \/>Olay, Efeler il\u00e7esi Kocag\u00fcr Mahallesi\u2019nde meydana geldi. Edinilen bilgiye g\u00f6re, park halinde oldu\u011fu iddia edilen bir pikaba \u00e7\u0131kan 4 ya\u015f\u0131ndaki Enes \u00c7., hen\u00fcz bilinmeyen bir nedenle bir anda ara\u00e7tan d\u00fc\u015ft\u00fc. \u00c7ocu\u011fun d\u00fc\u015ft\u00fc\u011f\u00fcn\u00fc g\u00f6renler durumu 112 Acil \u00c7a\u011fr\u0131 Merkezi\u2019ne bildirdi. \u0130hbar \u00fczerine b\u00f6lgeye jandarma ve sa\u011fl\u0131k ekipleri sevk edildi. K\u0131sa s\u00fcrede olay yerine gelen sa\u011fl\u0131k ekipleri, ilk m\u00fcdahalenin ard\u0131ndan k\u00fc\u00e7\u00fck \u00e7ocu\u011fu ambulans ile Ayd\u0131n Adnan Menderes \u00dcniversitesi Hastanesi\u2019ne kald\u0131rd\u0131. Hastanede yap\u0131lan b\u00fct\u00fcn m\u00fcdahalelere ra\u011fmen \u00e7ocuk hayat\u0131n\u0131 kaybetti. Ac\u0131 haberi alan ba\u015fta ailesi olmak \u00fczere yak\u0131nlar\u0131 hastaneye ak\u0131n etti. \u00c7ocu\u011fun annesi sinir krizi ge\u00e7irdi. Olayla ilgili soru\u015fturma ba\u015flat\u0131ld\u0131.<br \/><\/p>\n","protected":false},"excerpt":{"rendered":"<p>Ayd\u0131n\u2019\u0131n Efeler il\u00e7esinde iddiaya g\u00f6re park halindeki pikaptan d\u00fc\u015fen 4 ya\u015f\u0131ndaki \u00e7ocuk hayat\u0131n\u0131 kaybetti. Olay, Efeler il\u00e7esi Kocag\u00fcr Mahallesi\u2019nde meydana geldi. Edinilen bilgiye g\u00f6re, park halinde oldu\u011fu iddia edilen bir pikaba \u00e7\u0131kan 4 ya\u015f\u0131ndaki Enes \u00c7., hen\u00fcz bilinmeyen bir nedenle bir anda ara\u00e7tan d\u00fc\u015ft\u00fc. \u00c7ocu\u011fun d\u00fc\u015ft\u00fc\u011f\u00fcn\u00fc g\u00f6renler durumu 112 Acil \u00c7a\u011fr\u0131 Merkezi\u2019ne bildirdi. \u0130hbar \u00fczerine&#8230;<\/p>\n","protected":false},"author":1,"featured_media":32035,"comment_status":"open","ping_status":"open","sticky":false,"template":"","format":"standard","meta":{"_crdt_document":"","footnotes":""},"categories":[5],"tags":[],"class_list":["post-32034","post","type-post","status-publish","format-standard","has-post-thumbnail","hentry","category-asayis"],"_links":{"self":[{"href":"https:\/\/www.egemtv.com\/index.php?rest_route=\/wp\/v2\/posts\/32034","targetHints":{"allow":["GET"]}}],"collection":[{"href":"https:\/\/www.egemtv.com\/index.php?rest_route=\/wp\/v2\/posts"}],"about":[{"href":"https:\/\/www.egemtv.com\/index.php?rest_route=\/wp\/v2\/types\/post"}],"author":[{"embeddable":true,"href":"https:\/\/www.egemtv.com\/index.php?rest_route=\/wp\/v2\/users\/1"}],"replies":[{"embeddable":true,"href":"https:\/\/www.egemtv.com\/index.php?rest_route=%2Fwp%2Fv2%2Fcomments&post=32034"}],"version-history":[{"count":1,"href":"https:\/\/www.egemtv.com\/index.php?rest_route=\/wp\/v2\/posts\/32034\/revisions"}],"predecessor-version":[{"id":32036,"href":"https:\/\/www.egemtv.com\/index.php?rest_route=\/wp\/v2\/posts\/32034\/revisions\/32036"}],"wp:featuredmedia":[{"embeddable":true,"href":"https:\/\/www.egemtv.com\/index.php?rest_route=\/wp\/v2\/media\/32035"}],"wp:attachment":[{"href":"https:\/\/www.egemtv.com\/index.php?rest_route=%2Fwp%2Fv2%2Fmedia&parent=32034"}],"wp:term":[{"taxonomy":"category","embeddable":true,"href":"https:\/\/www.egemtv.com\/index.php?rest_route=%2Fwp%2Fv2%2Fcategories&post=32034"},{"taxonomy":"post_tag","embeddable":true,"href":"https:\/\/www.egemtv.com\/index.php?rest_route=%2Fwp%2Fv2%2Ftags&post=32034"}],"curies":[{"name":"wp","href":"https:\/\/api.w.org\/{rel}","templated":true}]}}