{"id":32031,"date":"2025-05-28T18:55:09","date_gmt":"2025-05-28T15:55:09","guid":{"rendered":"https:\/\/www.egemtv.com\/?p=32031"},"modified":"2025-05-28T18:55:14","modified_gmt":"2025-05-28T15:55:14","slug":"duygu-bolukbas-davasinda-mutalaa-aciklandi","status":"publish","type":"post","link":"https:\/\/www.egemtv.com\/?p=32031","title":{"rendered":"Duygu B\u00f6l\u00fckba\u015f davas\u0131nda m\u00fctalaa a\u00e7\u0131kland\u0131"},"content":{"rendered":"<p>\u0130zmir\u2019in Bornova il\u00e7esinde evindeki havlupana as\u0131l\u0131 halde bulunan Duygu B\u00f6l\u00fckba\u015f\u2019\u0131n \u00f6l\u00fcm\u00fcyle ilgili g\u00f6r\u00fclen davada, savc\u0131l\u0131k makam\u0131 san\u0131k hakk\u0131nda, kad\u0131na kar\u015f\u0131 kasten \u00f6ld\u00fcrmeye te\u015febb\u00fcsten cezaland\u0131r\u0131lmas\u0131 i\u00e7in m\u00fctalaa verdi. Mahkemede sunulan deliller aras\u0131nda intihar\u0131n m\u00fcmk\u00fcn olmad\u0131\u011f\u0131na dair ke\u015fif raporu dikkat \u00e7ekerken karar duru\u015fmas\u0131 ertelendi.<br \/>\n<br \/>Tekstil firmas\u0131nda m\u00fcd\u00fcr olarak g\u00f6rev yapan ve erkek arkada\u015f\u0131 E.T. (28) ile ayn\u0131 evde ya\u015fayan Duygu B\u00f6l\u00fckba\u015f (33), 3 Kas\u0131m 2022 tarihinde Bornova il\u00e7esinde l\u00fcks bir sitede bulunan evinde banyoda havlupana as\u0131l\u0131 halde \u00f6l\u00fc olarak bulundu. B\u00f6l\u00fckba\u015f\u2019\u0131n erkek arkada\u015f\u0131 E.T. ve halas\u0131 S.T. polise verdikleri ilk ifadede, gen\u00e7 kad\u0131n\u0131 banyoda \u00f6l\u00fc bulduklar\u0131n\u0131 iddia etti. Gen\u00e7 kad\u0131n\u0131n erkek arkada\u015f\u0131 ifadesinde, Duygu\u2019nun intihara meyilli oldu\u011funu, ya\u015fad\u0131klar\u0131 tart\u0131\u015fman\u0131n ard\u0131ndan banyoya girdi\u011fini, \u00e7\u0131kmay\u0131nca da halas\u0131 S.T.\u2019ye kontrol etmesini istedi\u011fini ve ard\u0131ndan Duygu B\u00f6l\u00fckba\u015f\u2019\u0131n cans\u0131z bedenini bulduklar\u0131n\u0131 \u00f6ne s\u00fcrd\u00fc.<br \/>\n<br \/>Yap\u0131lan \u00e7al\u0131\u015fmalar\u0131n ard\u0131ndan haz\u0131rlanan iddianamede E.T.\u2019nin Duygu B\u00f6l\u00fckba\u015f ile ya\u015fad\u0131\u011f\u0131 tart\u0131\u015fman\u0131n ard\u0131ndan kad\u0131n\u0131 sert bir cisimle kafas\u0131ndan yaralad\u0131\u011f\u0131, devam\u0131nda da bir cisim ile B\u00f6l\u00fckba\u015f\u2019\u0131n bo\u011faz\u0131n\u0131 s\u0131karak \u00f6ld\u00fcrd\u00fc\u011f\u00fc yer ald\u0131. Ba\u015flat\u0131lan soru\u015fturma kapsam\u0131nda \u0130zmir Adli T\u0131p \u015eube M\u00fcd\u00fcrl\u00fc\u011f\u00fc Biyoloji \u0130htisas Dairesi\u2019nden al\u0131nan raporda Duygu\u2019nun t\u0131rnak \u00f6rneklerinde ve ti\u015f\u00f6rt\u00fcnde E.T.\u2019nin DNA\u2019s\u0131n\u0131n bulundu\u011fu belirtildi. B\u00f6l\u00fckba\u015f\u2019\u0131n ailesi ve yak\u0131nlar\u0131 da verdikleri ifadelerde, B\u00f6l\u00fckba\u015f\u2019\u0131n intihara meyilli biri olmad\u0131\u011f\u0131n\u0131 belirtti.<br \/>\n<br \/>\u00d6te yandan site g\u00fcvenlik g\u00f6revlilerinden al\u0131nan tutanaklarda da E.T.\u2019nin daha \u00f6nce elinde b\u0131\u00e7akla eve girmeye \u00e7al\u0131\u015ft\u0131\u011f\u0131 ortaya \u00e7\u0131kt\u0131. T\u00fcm deliller birlikte de\u011ferlendirildi\u011finde soru\u015fturma konusu olay\u0131n intihar de\u011fil kasten \u00f6ld\u00fcrme su\u00e7u oldu\u011funun de\u011ferlendirilmesi \u00fczerine \u015f\u00fcpheli E.T. hakk\u0131nda g\u00f6zalt\u0131 karar\u0131 \u00e7\u0131kar\u0131ld\u0131. E.T., olaydan yakla\u015f\u0131k 1,5 y\u0131l sonra 22 Mart\u2019ta tutukland\u0131.<\/p>\n<p>Olaya ili\u015fkin savc\u0131l\u0131k taraf\u0131ndan haz\u0131rlanan iddianamede, B\u00f6l\u00fckba\u015f\u2019\u0131n \u00e7ar\u015faf ile kendini asmas\u0131n\u0131n m\u00fcmk\u00fcn olmad\u0131\u011f\u0131, havlupan\u0131n bulundu\u011fu duvar ve bu duvara biti\u015fik yakla\u015f\u0131k 1 metre y\u00fckseklikte ah\u015fap banyo tezgah\u0131 oldu\u011fu d\u00fc\u015f\u00fcn\u00fcld\u00fc\u011f\u00fcnde maktul\u00fcn kendini asmas\u0131 i\u00e7in yeterli y\u00fcksekli\u011fin olmad\u0131\u011f\u0131na vurgu yap\u0131ld\u0131. B\u00f6l\u00fckba\u015f\u2019\u0131n kendini serbest b\u0131rakt\u0131\u011f\u0131nda ayak u\u00e7lar\u0131n\u0131n, dizlerinin ve hatta kal\u00e7a k\u0131sm\u0131n\u0131n tezgah \u00fcst\u00fcne temas edece\u011fi de iddianamede yer ald\u0131. Savc\u0131, E.T. i\u00e7in \u2019kad\u0131na kar\u015f\u0131 kasten \u00f6ld\u00fcrme\u2019 su\u00e7undan a\u011f\u0131rla\u015ft\u0131r\u0131lm\u0131\u015f m\u00fcebbet, san\u0131\u011f\u0131n halas\u0131 S.T. i\u00e7in ise \u2019yalan tan\u0131kl\u0131k\u2019 su\u00e7undan 4 y\u0131la kadar hapis cezas\u0131 talep etti. \u0130ddianame \u0130zmir 3. A\u011f\u0131r Ceza Mahkemesi\u2019nce kabul edildi.<\/p>\n<p>Savc\u0131 m\u00fctalaay\u0131 a\u00e7\u0131klad\u0131<br \/>\n<br \/>Bug\u00fcn \u0130zmir 3. A\u011f\u0131r Ceza Mahkemesi\u2019nde g\u00f6r\u00fclen duru\u015fmaya tutuklu san\u0131k E.T. ve tutuksuz san\u0131k S.T.\u2019nin yan\u0131 s\u0131ra Duygu B\u00f6l\u00fckba\u015f\u2019\u0131n annesi Nuriye B\u00f6l\u00fckba\u015f, babas\u0131 Selahattin B\u00f6l\u00fckba\u015f, karde\u015fleri, ailenin avukat\u0131 Levent Kahya, san\u0131k avukat\u0131 Muhammet Emre Tayyar ile Bekir S\u0131tk\u0131 Hast\u00fcrk kat\u0131ld\u0131. Duru\u015fmada savc\u0131, esas hakk\u0131nda m\u00fctalaas\u0131n\u0131 okudu. Maktul\u00fcn olay an\u0131nda y\u00fcksek sesle, &#8220;Kurtar\u0131n beni, \u00f6ld\u00fcr\u00fcyor, Beni duyan yok mu?&#8221; \u015feklinde feryat etti\u011fini belirtti. Bu ifadelerin, olaydan sonra tan\u0131klar taraf\u0131ndan aktar\u0131ld\u0131\u011f\u0131 ya da maktul ile san\u0131k E.T.\u2019nin birlikte ya\u015fad\u0131\u011f\u0131 dairenin yap\u0131m s\u00fcrecinde kendisi taraf\u0131ndan anlat\u0131ld\u0131\u011f\u0131 ifade edildi. Otopsi raporuna g\u00f6re, maktul\u00fcn ba\u015f\u0131ndaki travman\u0131n banyoda bulunan deterjan kutusu, \u015fampuan gibi e\u015fyalar\u0131n bulundu\u011fu alana \u00e7arpma sonucu olu\u015ftu\u011fu y\u00f6n\u00fcnde beyan verildi. Ancak maktul\u00fcn t\u0131rnaklar\u0131nda ve olay yerindeki \u00e7ar\u015fafta san\u0131k E.T.\u2019ye ait DNA \u00f6rneklerinin tespit edildi\u011fi aktar\u0131ld\u0131. Olay yerinde yap\u0131lan ke\u015fif sonucu, maktul\u00fcn s\u00f6z konusu \u00e7ar\u015faf ile kendisini asmas\u0131n\u0131n m\u00fcmk\u00fcn olmad\u0131\u011f\u0131, ke\u015fif tutana\u011f\u0131nda da a\u00e7\u0131k\u00e7a belirtildi. As\u0131ld\u0131\u011f\u0131 belirtilen havlupan\u0131n bulundu\u011fu duvar\u0131n hemen alt\u0131ndaki tezgah nedeniyle, maktul\u00fcn kendi kendine bu eylemi ger\u00e7ekle\u015ftirmesi i\u00e7in yeterli y\u00fcksekli\u011fin bulunmad\u0131\u011f\u0131 bildirildi. Ayr\u0131ca maktul\u00fcn kendini b\u0131rakt\u0131\u011f\u0131 varsay\u0131ld\u0131\u011f\u0131nda bile ayak u\u00e7lar\u0131n\u0131n yere de\u011fece\u011fi, kal\u00e7a k\u0131sm\u0131n\u0131n tezgaha temas edece\u011fi tespit edildi. Ayr\u0131ca cilt alt\u0131 kanamaya rastlanmad\u0131\u011f\u0131 belirtildi. Maktul ile san\u0131k E.T. aras\u0131nda yap\u0131lan yaz\u0131\u015fmalar incelendi\u011finde, maktul\u00fcn san\u0131\u011f\u0131 uyu\u015fturucu madde kullan\u0131m\u0131ndan vazge\u00e7irmeye \u00e7al\u0131\u015ft\u0131\u011f\u0131 da tespit edildi. \u0130ddia makam\u0131, t\u00fcm bu deliller sonucunda san\u0131\u011f\u0131n T\u00fcrk Ceza Kanunu maddeleri uyar\u0131nca cezaland\u0131r\u0131lmas\u0131n\u0131 talep etti.<\/p>\n<p>Su\u00e7lamalar\u0131 reddetti<br \/>\n<br \/>Duru\u015fmada s\u00f6z verilen san\u0131k E.T., su\u00e7lamalar\u0131 reddetti. E.T., &#8220;Ben b\u00f6yle bir \u015fey yapmad\u0131m. Savc\u0131n\u0131n m\u00fctalaas\u0131nda yer alan ifadeler tamamen yalan ve alg\u0131 olu\u015fturma \u00e7abas\u0131. Ya\u015fanmam\u0131\u015f olaylar\u0131 ya\u015fanm\u0131\u015f gibi anlat\u0131yorlar. Belli ki bir g\u00fcnah ke\u00e7isi aran\u0131yor, onu da benmi\u015fim gibi g\u00f6stermeye \u00e7al\u0131\u015f\u0131yorlar. 2,5 y\u0131l boyunca ya\u015fananlar\u0131 \u00e7arp\u0131t\u0131yorlar. Ben vicdan sahibi bir insan\u0131m ve dimdik ayaktay\u0131m. Ben 16 ya\u015f\u0131nda uyu\u015fturucudan yakalanm\u0131\u015f biriyim, ge\u00e7mi\u015fimde ne varsa Allah\u2019tan gizleyemem, kuldan da saklamam. Mahkemeye sundu\u011fum 10 sayfal\u0131k yaz\u0131da her \u015fey a\u00e7\u0131k\u00e7a anlat\u0131l\u0131yor. Ger\u00e7eklerin \u00fcst\u00fc \u00f6rt\u00fclemez. Medya ya da ba\u015fkalar\u0131 ne yaparsa yaps\u0131n, bu ya\u015fananlar\u0131 kimse de\u011fi\u015ftiremez&#8221; dedi.<br \/>\n<br \/>Yakla\u015f\u0131k 1 saat s\u00fcren m\u00fctalaada; savc\u0131, tutuklu san\u0131k i\u00e7in \u2019Kad\u0131na kar\u015f\u0131 kasten \u00f6ld\u00fcrme\u2019 su\u00e7undan, S.T. i\u00e7inse \u2019Yalan tan\u0131kl\u0131k\u2019 su\u00e7undan ceza talebinde bulundu.<br \/>\n<br \/>Avukatlar\u0131n s\u00fcre talebini kabul eden mahkeme heyeti, san\u0131k E.T.\u2019nin tutukluluk halinin devam\u0131na karar vererek, duru\u015fmay\u0131 30 May\u0131s\u2019a erteledi.<br \/><\/p>\n","protected":false},"excerpt":{"rendered":"<p>\u0130zmir\u2019in Bornova il\u00e7esinde evindeki havlupana as\u0131l\u0131 halde bulunan Duygu B\u00f6l\u00fckba\u015f\u2019\u0131n \u00f6l\u00fcm\u00fcyle ilgili g\u00f6r\u00fclen davada, savc\u0131l\u0131k makam\u0131 san\u0131k hakk\u0131nda, kad\u0131na kar\u015f\u0131 kasten \u00f6ld\u00fcrmeye te\u015febb\u00fcsten cezaland\u0131r\u0131lmas\u0131 i\u00e7in m\u00fctalaa verdi. Mahkemede sunulan deliller aras\u0131nda intihar\u0131n m\u00fcmk\u00fcn olmad\u0131\u011f\u0131na dair ke\u015fif raporu dikkat \u00e7ekerken karar duru\u015fmas\u0131 ertelendi. Tekstil firmas\u0131nda m\u00fcd\u00fcr olarak g\u00f6rev yapan ve erkek arkada\u015f\u0131 E.T. (28) ile ayn\u0131&#8230;<\/p>\n","protected":false},"author":1,"featured_media":32032,"comment_status":"open","ping_status":"open","sticky":false,"template":"","format":"standard","meta":{"_crdt_document":"","footnotes":""},"categories":[5],"tags":[],"class_list":["post-32031","post","type-post","status-publish","format-standard","has-post-thumbnail","hentry","category-asayis"],"_links":{"self":[{"href":"https:\/\/www.egemtv.com\/index.php?rest_route=\/wp\/v2\/posts\/32031","targetHints":{"allow":["GET"]}}],"collection":[{"href":"https:\/\/www.egemtv.com\/index.php?rest_route=\/wp\/v2\/posts"}],"about":[{"href":"https:\/\/www.egemtv.com\/index.php?rest_route=\/wp\/v2\/types\/post"}],"author":[{"embeddable":true,"href":"https:\/\/www.egemtv.com\/index.php?rest_route=\/wp\/v2\/users\/1"}],"replies":[{"embeddable":true,"href":"https:\/\/www.egemtv.com\/index.php?rest_route=%2Fwp%2Fv2%2Fcomments&post=32031"}],"version-history":[{"count":1,"href":"https:\/\/www.egemtv.com\/index.php?rest_route=\/wp\/v2\/posts\/32031\/revisions"}],"predecessor-version":[{"id":32033,"href":"https:\/\/www.egemtv.com\/index.php?rest_route=\/wp\/v2\/posts\/32031\/revisions\/32033"}],"wp:featuredmedia":[{"embeddable":true,"href":"https:\/\/www.egemtv.com\/index.php?rest_route=\/wp\/v2\/media\/32032"}],"wp:attachment":[{"href":"https:\/\/www.egemtv.com\/index.php?rest_route=%2Fwp%2Fv2%2Fmedia&parent=32031"}],"wp:term":[{"taxonomy":"category","embeddable":true,"href":"https:\/\/www.egemtv.com\/index.php?rest_route=%2Fwp%2Fv2%2Fcategories&post=32031"},{"taxonomy":"post_tag","embeddable":true,"href":"https:\/\/www.egemtv.com\/index.php?rest_route=%2Fwp%2Fv2%2Ftags&post=32031"}],"curies":[{"name":"wp","href":"https:\/\/api.w.org\/{rel}","templated":true}]}}