{"id":32028,"date":"2025-05-28T18:38:17","date_gmt":"2025-05-28T15:38:17","guid":{"rendered":"https:\/\/www.egemtv.com\/?p=32028"},"modified":"2025-05-28T18:38:22","modified_gmt":"2025-05-28T15:38:22","slug":"baskan-cercioglu-sevilen-yazarlari-aydinlilar-ile-bulusturmaya-devam-ediyor","status":"publish","type":"post","link":"https:\/\/www.egemtv.com\/?p=32028","title":{"rendered":"Ba\u015fkan \u00c7er\u00e7io\u011flu sevilen yazarlar\u0131 Ayd\u0131nl\u0131lar ile bulu\u015fturmaya devam ediyor"},"content":{"rendered":"<p>Ayd\u0131n B\u00fcy\u00fck\u015fehir Belediyesi\u2019nin ev sahipli\u011finde Fuar Ayd\u0131n\u2019da d\u00fczenlenen 2. Ayd\u0131n Kitap Fuar\u0131 devam ederken, her g\u00fcn Ayd\u0131n\u2019\u0131n d\u00f6rt bir noktas\u0131ndan ve \u00e7evre illerden gelen binlerce vatanda\u015f fuar\u0131 ziyaret ediyor. Fuara onur konu\u011fu olarak kat\u0131lan yazar Sunay Ak\u0131n ise Fuar Ayd\u0131n\u2019a tam not verdi.<\/p>\n<p>Kitapseverleri yazar, sanat\u00e7\u0131 ve bilim insanlar\u0131yla bulu\u015fturan, imza g\u00fcnleri ve s\u00f6yle\u015fi etkinliklerinin d\u00fczenlendi\u011fi 2. Ayd\u0131n Kitap Fuar\u0131\u2019na bir\u00e7ok yay\u0131nevi de kat\u0131l\u0131m sa\u011fl\u0131yor. Fuarda kitapseverler, sevdikleri yazarlar\u0131n ba\u015fka yerlerde bulamad\u0131klar\u0131 eserlerini inceleyip sat\u0131n alabiliyor, yeni yazarlar ve eserleri inceleme \u015fans\u0131 buluyor. 2. Ayd\u0131n Kitap Fuar\u0131\u2019na bir\u00e7ok farkl\u0131 ilden kat\u0131l\u0131m sa\u011flayan sahaflarda ise kitapseverler koleksiyon de\u011feri olan eserleri sat\u0131n alabiliyor.<\/p>\n<p>2. Ayd\u0131n Kitap Fuar\u0131\u2019n\u0131n onur konu\u011fu olan Yazar Sunay Ak\u0131n, \u2018\u0130ki Kitap Bir Heves\u2019 isimli s\u00f6yle\u015fisi ve imza etkinli\u011fi ile Ayd\u0131nl\u0131 kitapseverler ile bulu\u015ftu. Ak\u0131n, Ayd\u0131n B\u00fcy\u00fck\u015fehir Belediye Ba\u015fkan\u0131 \u00d6zlem \u00c7er\u00e7io\u011flu\u2019na te\u015fekk\u00fcr ederek fuara kat\u0131lmaktan ve Ayd\u0131n\u2019da olmaktan dolay\u0131 mutluluk duydu\u011funu belirtti. Ak\u0131n; &#8220;Dilerim \u00f6mr\u00fcm yeter de defalarca gelirim Ayd\u0131n\u2019a. Benim asl\u0131nda Ayd\u0131n\u2019a verecek hi\u00e7bir \u015feyim yok \u00e7\u00fcnk\u00fc burada \u00e7ok g\u00fczel insanlar ya\u015f\u0131yor. \u00c7ok g\u00fczel bir orkestra kurmu\u015f ba\u015fkan\u0131m\u0131z maestro olarak, kutluyorum kendisini. Kendi ba\u015far\u0131s\u0131 ve buradaki orkestradaki arkada\u015flar\u0131n g\u00fczelli\u011fi. B\u00f6yle g\u00fczel bir orkestray\u0131 Ayd\u0131n\u2019a kazand\u0131rd\u0131\u011f\u0131 i\u00e7in \u00e7ok te\u015fekk\u00fcr ediyorum kendisine&#8221; diye konu\u015ftu.<\/p>\n<p>&#8220;\u00d6zlem \u00c7er\u00e7io\u011flu\u2019na \u00e7ok te\u015fekk\u00fcr ederiz&#8221;<br \/>\n<br \/>2. Ayd\u0131n Kitap Fuar\u0131\u2019n\u0131 ziyaret etmek \u00fczere ailesi ile birlikte Ku\u015fadas\u0131\u2019ndan geldi\u011fini ifade eden \u00d6zlem Gen\u00e7, &#8220;\u00c7ok g\u00fczel, bekledi\u011fimden daha g\u00fczel. Ku\u015fadas\u0131\u2019nda da oluyordu ama bu kadar b\u00fcy\u00fck \u00e7apta de\u011fildi. Ayd\u0131n\u2019da ilk defa kat\u0131ld\u0131m, \u00e7ok be\u011fendim. Ben kitap okumay\u0131 \u00e7ok seven bir insan\u0131m, ben okuduk\u00e7a \u00e7ocu\u011fumun da benden etkilendi\u011fine inan\u0131yorum. Okuyan bir anne ve baba \u00e7ocuklar\u0131 \u00e7ok fazla etkiliyor. Ula\u015famad\u0131\u011f\u0131m\u0131z kitaplar\u0131 bulabiliyoruz, \u00e7ocuklar\u0131m\u0131z yazarlar ile tan\u0131\u015fma f\u0131rsat\u0131 buluyor. Bu bence \u00e7ok g\u00fczel bir \u015fey, etkinlikte \u00e7ok \u00e7ok g\u00fczel. \u00d6zlem \u00c7er\u00e7io\u011flu\u2019na \u00e7ok te\u015fekk\u00fcr ederiz&#8221; ifadelerini kulland\u0131.<\/p>\n<p>Fuar Ayd\u0131n vatanda\u015flar\u0131n hizmetinde<br \/>\n<br \/>Ayd\u0131n B\u00fcy\u00fck\u015fehir Belediye Ba\u015fkan\u0131 \u00d6zlem \u00c7er\u00e7io\u011flu\u2019nun \u00f6nc\u00fcl\u00fc\u011f\u00fcnde restorasyon i\u015flemleri tamamlanarak kente kazand\u0131r\u0131lan Fuar Ayd\u0131n\u2019\u0131 \u00e7ok be\u011fendi\u011fini ifade eden Kudret Acar; &#8220;\u00c7ok memnun kald\u0131m. Ger\u00e7ekten \u00e7ok geni\u015f, g\u00fczel kitaplar ve kitap\u00e7\u0131lar var. Geziyoruz, \u00e7ok ho\u015fumuza gitti. Tabii buran\u0131n tekstil fabrikas\u0131 oldu\u011fu zamanlar\u0131 da biliyorum, y\u0131llar boyunca bo\u015f kalm\u0131\u015ft\u0131 buras\u0131; bu \u015fekilde de\u011ferlendirilmesi \u00e7ok ho\u015f olmu\u015f&#8221; dedi.<\/p>\n<p>Fuarda her ya\u015ftan vatanda\u015fa hitap eden eserlerin bulundu\u011funu s\u00f6yleyen Nurcan Acar ise &#8220;\u0130stedi\u011fim kitaplar\u0131 bulabildim e\u015fimle beraber. \u00c7ok fazla kitap var, se\u00e7mekte de zorland\u0131k. Herkes arad\u0131\u011f\u0131 kitaplar\u0131 bulabilir \u00e7\u00fcnk\u00fc \u00e7ocu\u011fundan b\u00fcy\u00fc\u011f\u00fcne herkese hitap eden \u0130slamiyet\u2019ten tarihe, T\u00fcrk yazarlardan yabanc\u0131 yazarlara kadar binlerce eser var. Bu y\u00fczden memnun kald\u0131k biz&#8221; diye konu\u015ftu.<\/p>\n<p>&#8220;Ayd\u0131n\u2019da fuarlar\u0131n d\u00fczenlenmesi bizler i\u00e7in m\u00fckemmel bir nimet&#8221;<br \/>\n<br \/>Fuar Ayd\u0131n alan\u0131nda d\u00fczenlenen fuarlardan ve etkinliklerden memnuniyet duydu\u011funu ifade eden Kadir S\u00fczen, Ba\u015fkan \u00c7er\u00e7io\u011flu\u2019na te\u015fekk\u00fcr etti. S\u00fczen, &#8220;\u00c7ok mutluyum. Ben y\u0131llarca Eyl\u00fcl, Ekim aylar\u0131nda Antalya\u2019da ki kitap fuarlar\u0131na gittim; ailem orada ya\u015f\u0131yor ve \u00f6zellikle ziyaretlerimi fuarlara denk getiriyordum. Ayd\u0131n\u2019da bu \u015fekilde kitap fuarlar\u0131n\u0131n olmas\u0131 bizler i\u00e7in m\u00fckemmel bir nimet. Bu fuar alan\u0131n\u0131n da olmas\u0131 \u00e7ok g\u00fczel, yaln\u0131z kitap fuar\u0131 de\u011fil \u00e7e\u015fitli etkinlikler burada pe\u015f pe\u015fe yap\u0131l\u0131yor ve bu bizler i\u00e7in \u00e7ok g\u00fczel oluyor. Bizlere bu fuar alan\u0131n\u0131 kazand\u0131ran \u00d6zlem Ba\u015fkan\u0131m\u0131za ve eme\u011fi ge\u00e7en herkese \u00e7ok te\u015fekk\u00fcrler&#8221; ifadelerini kulland\u0131.<br \/><\/p>\n","protected":false},"excerpt":{"rendered":"<p>Ayd\u0131n B\u00fcy\u00fck\u015fehir Belediyesi\u2019nin ev sahipli\u011finde Fuar Ayd\u0131n\u2019da d\u00fczenlenen 2. Ayd\u0131n Kitap Fuar\u0131 devam ederken, her g\u00fcn Ayd\u0131n\u2019\u0131n d\u00f6rt bir noktas\u0131ndan ve \u00e7evre illerden gelen binlerce vatanda\u015f fuar\u0131 ziyaret ediyor. Fuara onur konu\u011fu olarak kat\u0131lan yazar Sunay Ak\u0131n ise Fuar Ayd\u0131n\u2019a tam not verdi. Kitapseverleri yazar, sanat\u00e7\u0131 ve bilim insanlar\u0131yla bulu\u015fturan, imza g\u00fcnleri ve s\u00f6yle\u015fi etkinliklerinin&#8230;<\/p>\n","protected":false},"author":1,"featured_media":32029,"comment_status":"open","ping_status":"open","sticky":false,"template":"","format":"standard","meta":{"_crdt_document":"","footnotes":""},"categories":[1],"tags":[],"class_list":["post-32028","post","type-post","status-publish","format-standard","has-post-thumbnail","hentry","category-guncel"],"_links":{"self":[{"href":"https:\/\/www.egemtv.com\/index.php?rest_route=\/wp\/v2\/posts\/32028","targetHints":{"allow":["GET"]}}],"collection":[{"href":"https:\/\/www.egemtv.com\/index.php?rest_route=\/wp\/v2\/posts"}],"about":[{"href":"https:\/\/www.egemtv.com\/index.php?rest_route=\/wp\/v2\/types\/post"}],"author":[{"embeddable":true,"href":"https:\/\/www.egemtv.com\/index.php?rest_route=\/wp\/v2\/users\/1"}],"replies":[{"embeddable":true,"href":"https:\/\/www.egemtv.com\/index.php?rest_route=%2Fwp%2Fv2%2Fcomments&post=32028"}],"version-history":[{"count":1,"href":"https:\/\/www.egemtv.com\/index.php?rest_route=\/wp\/v2\/posts\/32028\/revisions"}],"predecessor-version":[{"id":32030,"href":"https:\/\/www.egemtv.com\/index.php?rest_route=\/wp\/v2\/posts\/32028\/revisions\/32030"}],"wp:featuredmedia":[{"embeddable":true,"href":"https:\/\/www.egemtv.com\/index.php?rest_route=\/wp\/v2\/media\/32029"}],"wp:attachment":[{"href":"https:\/\/www.egemtv.com\/index.php?rest_route=%2Fwp%2Fv2%2Fmedia&parent=32028"}],"wp:term":[{"taxonomy":"category","embeddable":true,"href":"https:\/\/www.egemtv.com\/index.php?rest_route=%2Fwp%2Fv2%2Fcategories&post=32028"},{"taxonomy":"post_tag","embeddable":true,"href":"https:\/\/www.egemtv.com\/index.php?rest_route=%2Fwp%2Fv2%2Ftags&post=32028"}],"curies":[{"name":"wp","href":"https:\/\/api.w.org\/{rel}","templated":true}]}}