{"id":32025,"date":"2025-05-28T18:38:12","date_gmt":"2025-05-28T15:38:12","guid":{"rendered":"https:\/\/www.egemtv.com\/?p=32025"},"modified":"2025-05-28T18:38:17","modified_gmt":"2025-05-28T15:38:17","slug":"manisada-aracindan-uyusturucu-cikan-sahis-tutuklandi","status":"publish","type":"post","link":"https:\/\/www.egemtv.com\/?p=32025","title":{"rendered":"Manisa\u2019da arac\u0131ndan uyu\u015fturucu \u00e7\u0131kan \u015fah\u0131s tutukland\u0131"},"content":{"rendered":"<p>Manisa\u2019n\u0131n Kula il\u00e7esinde emniyet ekipleri taraf\u0131ndan durdurulan bir ara\u00e7ta yap\u0131lan aramada uyu\u015fturucu madde ve kullan\u0131m aparatlar\u0131 ele ge\u00e7irildi. G\u00f6zalt\u0131na al\u0131nan \u015f\u00fcpheli, \u00e7\u0131kar\u0131ld\u0131\u011f\u0131 mahkemece tutukland\u0131.<br \/>\n<br \/>Edinilen bilgilere g\u00f6re, Kula \u0130l\u00e7e Emniyet M\u00fcd\u00fcrl\u00fc\u011f\u00fc\u2019ne ba\u011fl\u0131 ekipler, \u015f\u00fcpheli hareketlerde bulunan bir arac\u0131 durdurarak ara\u00e7 i\u00e7erisinde bulunan ki\u015filere y\u00f6nelik kaba \u00fcst aramas\u0131 ger\u00e7ekle\u015ftirdi. Yap\u0131lan aramalarda 479 adet sentetik hap ile uyu\u015fturucu madde kullanmakta kullan\u0131lan 2 adet &#8220;bong&#8221; d\u00fczenek ele ge\u00e7irildi. Olayla ilgili g\u00f6zalt\u0131na al\u0131nan M.D. isimli \u015f\u00fcphelinin ikametinde yap\u0131lan aramada ise 1 adet kurus\u0131k\u0131 tabanca ve 4 adet fi\u015fek bulundu. Emniyetteki i\u015flemlerinin ard\u0131ndan adliyeye sevk edilen M.D., \u00e7\u0131kar\u0131ld\u0131\u011f\u0131 mahkemece tutuklanarak Salihli T Tipi Cezaevi\u2019ne g\u00f6nderildi.<br \/>\n<br \/>Soru\u015fturma kapsam\u0131nda uyu\u015fturucuyla m\u00fccadele \u00e7al\u0131\u015fmalar\u0131n\u0131n kararl\u0131l\u0131kla s\u00fcrd\u00fcr\u00fcld\u00fc\u011f\u00fc bildirildi.<br \/><\/p>\n","protected":false},"excerpt":{"rendered":"<p>Manisa\u2019n\u0131n Kula il\u00e7esinde emniyet ekipleri taraf\u0131ndan durdurulan bir ara\u00e7ta yap\u0131lan aramada uyu\u015fturucu madde ve kullan\u0131m aparatlar\u0131 ele ge\u00e7irildi. G\u00f6zalt\u0131na al\u0131nan \u015f\u00fcpheli, \u00e7\u0131kar\u0131ld\u0131\u011f\u0131 mahkemece tutukland\u0131. Edinilen bilgilere g\u00f6re, Kula \u0130l\u00e7e Emniyet M\u00fcd\u00fcrl\u00fc\u011f\u00fc\u2019ne ba\u011fl\u0131 ekipler, \u015f\u00fcpheli hareketlerde bulunan bir arac\u0131 durdurarak ara\u00e7 i\u00e7erisinde bulunan ki\u015filere y\u00f6nelik kaba \u00fcst aramas\u0131 ger\u00e7ekle\u015ftirdi. Yap\u0131lan aramalarda 479 adet sentetik hap ile&#8230;<\/p>\n","protected":false},"author":1,"featured_media":32026,"comment_status":"open","ping_status":"open","sticky":false,"template":"","format":"standard","meta":{"_crdt_document":"","footnotes":""},"categories":[5],"tags":[],"class_list":["post-32025","post","type-post","status-publish","format-standard","has-post-thumbnail","hentry","category-asayis"],"_links":{"self":[{"href":"https:\/\/www.egemtv.com\/index.php?rest_route=\/wp\/v2\/posts\/32025","targetHints":{"allow":["GET"]}}],"collection":[{"href":"https:\/\/www.egemtv.com\/index.php?rest_route=\/wp\/v2\/posts"}],"about":[{"href":"https:\/\/www.egemtv.com\/index.php?rest_route=\/wp\/v2\/types\/post"}],"author":[{"embeddable":true,"href":"https:\/\/www.egemtv.com\/index.php?rest_route=\/wp\/v2\/users\/1"}],"replies":[{"embeddable":true,"href":"https:\/\/www.egemtv.com\/index.php?rest_route=%2Fwp%2Fv2%2Fcomments&post=32025"}],"version-history":[{"count":1,"href":"https:\/\/www.egemtv.com\/index.php?rest_route=\/wp\/v2\/posts\/32025\/revisions"}],"predecessor-version":[{"id":32027,"href":"https:\/\/www.egemtv.com\/index.php?rest_route=\/wp\/v2\/posts\/32025\/revisions\/32027"}],"wp:featuredmedia":[{"embeddable":true,"href":"https:\/\/www.egemtv.com\/index.php?rest_route=\/wp\/v2\/media\/32026"}],"wp:attachment":[{"href":"https:\/\/www.egemtv.com\/index.php?rest_route=%2Fwp%2Fv2%2Fmedia&parent=32025"}],"wp:term":[{"taxonomy":"category","embeddable":true,"href":"https:\/\/www.egemtv.com\/index.php?rest_route=%2Fwp%2Fv2%2Fcategories&post=32025"},{"taxonomy":"post_tag","embeddable":true,"href":"https:\/\/www.egemtv.com\/index.php?rest_route=%2Fwp%2Fv2%2Ftags&post=32025"}],"curies":[{"name":"wp","href":"https:\/\/api.w.org\/{rel}","templated":true}]}}