{"id":31971,"date":"2025-05-28T14:57:34","date_gmt":"2025-05-28T11:57:34","guid":{"rendered":"https:\/\/www.egemtv.com\/?p=31971"},"modified":"2025-05-28T14:57:39","modified_gmt":"2025-05-28T11:57:39","slug":"isparta-gul-festivaline-hazir","status":"publish","type":"post","link":"https:\/\/www.egemtv.com\/?p=31971","title":{"rendered":"Isparta G\u00fcl Festivaline haz\u0131r"},"content":{"rendered":"<p>Isparta Uluslararas\u0131 G\u00fcl Festivali 30 May\u0131s 1 Haziran tarihleri aras\u0131nda ger\u00e7ekle\u015ftirilecek. Festival kapsam\u0131nda g\u00fcl bah\u00e7elerinde g\u00fcl hasad\u0131 yap\u0131lacak, g\u00fcl ko\u015fusu, g\u00fcl bisiklet yar\u0131\u015f\u0131, \u00e7e\u015fitli yar\u0131\u015fmalar, etkinlikler ve konserler d\u00fczenlenecek. Isparta Valili\u011fi ile Isparta Belediyesi taraf\u0131ndan d\u00fczenlenecek Isparta Uluslararas\u0131 G\u00fcl Festivalinde farkl\u0131 il ve \u00fclkelerden ekiplerde y\u00f6resel g\u00f6steriler sunacak. Festivalde sanat\u00e7\u0131lar \u00d6yk\u00fc G\u00fcrman, K\u0131ra\u00e7 konser verecek ayr\u0131ca festivalin son g\u00fcn\u00fcnde Urfa\u2019n\u0131n Siyah G\u00fcl\u00fc ile Isparta\u2019n\u0131n Pembe G\u00fcllerinin \u015e\u00f6leni slogan\u0131yla Urfa Ahengi S\u0131ra Gecesi d\u00fczenlenecek. 3 g\u00fcn s\u00fcrecek etkinlikler eski otogar alan\u0131nda ger\u00e7ekle\u015fecek.<br \/>\n<br \/>Isparta Uluslararas\u0131 G\u00fcl Festivali 30 May\u0131s Cuma g\u00fcn\u00fc saat 11.30\u2019da protokol taraf\u0131ndan 15 Temmuz Cumhuriyet ve Demokrasi Meydan\u0131nda Atat\u00fcrk An\u0131t\u0131na festival \u00e7elenginin sunumuyla ba\u015flayacak, saat 12.00\u2019da G\u00fclc\u00fc Mahallesi\u2019ndeki G\u00fclc\u00fczade \u0130smail Efendi\u2019nin kabri ba\u015f\u0131nda an\u0131lmas\u0131yla devam edecek. Saat 14.30\u2019da Isparta Belediyesi \u00f6n\u00fcnden ba\u015flay\u0131p, 15 Temmuz Cumhuriyet ve Demokrasi Alan\u0131 Valilik \u00f6n\u00fcnde son bulacak festival korteji d\u00fczenlenecek. Ayn\u0131 g\u00fcn saat 16.30\u2019da eski otogar alan\u0131nda sergi alanlar\u0131n\u0131n a\u00e7\u0131l\u0131\u015f\u0131 ger\u00e7ekle\u015ftirilecek. Ayr\u0131ca eski otogar alan\u0131nda kurulan festival b\u00f6lgesinde 3 g\u00fcn boyunca Mobil Sahne Performanslar\u0131 ile \u00c7ocuk etkinlikleri de yer alacak. Mobil Sahne Performanslar\u0131 her g\u00fcn saat 13.00-17.00 aras\u0131nda, \u00e7ocuk etkinlikleri ise her g\u00fcn saat 13.30-15.00 ve 16.00-17.30 aras\u0131nda d\u00fczenlenecek.<\/p>\n<p>G\u00fcl bah\u00e7eleri ziyaret edilecek<br \/>\n<br \/>Festivalin 2.ve 3.g\u00fcn\u00fcnde saat 09.00\u2019da g\u00fcl bah\u00e7eleri ziyaretleri ger\u00e7ekle\u015ftirilecek. 31 May\u0131s Cumartesi g\u00fcn\u00fc etkinliklerin adresi G\u00fcneykent, 1 Haziran Pazar g\u00fcn\u00fc ise bu adres Senir g\u00fcl bah\u00e7eleri olacak. Yine festivalin 2.g\u00fcn\u00fc Isparta Belediyesi K\u00fclt\u00fcr Merkezinde saat 15.00\u2019da Ulusal ve B\u00f6lgesel Kalk\u0131nmada G\u00fcl ve Aromatik Bitkiler Paneli, 1 Haziran Pazar g\u00fcn\u00fc saat 12.30\u2019da SD\u00dc Oda Orkestras\u0131 Konseri ve ard\u0131ndan saat 13.00\u2019da ise yine K\u00fclt\u00fcr Merkezinde Halk Danslar\u0131 Gruplar\u0131 Gala Program\u0131 yap\u0131lacak.<\/p>\n<p>G\u00fcl ko\u015fusu ve g\u00fcl bisiklet yar\u0131\u015flar\u0131 yap\u0131lacak<br \/>\n<br \/>Isparta Uluslararas\u0131 G\u00fcl Festivali kapsam\u0131nda 31 May\u0131s Cumartesi g\u00fcn\u00fc G\u00fcl Maratonu, G\u00fcl Halk Ko\u015fusu ve G\u00fcl Bisiklet Yar\u0131\u015flar\u0131 ile bunlar\u0131n \u00f6d\u00fcl t\u00f6renleri yer alacak. Buna g\u00f6re saat 10.00\u2019da 25 km\u2019lik G\u00fcl Maratonunun start\u0131 verilecek. Maraton G\u00f6lc\u00fck Yolundaki G\u00fclya\u011f\u0131 fabrikas\u0131 \u00f6n\u00fcnden ba\u015flayacak, saat 10.30\u2019da halk ko\u015fusunun start\u0131 And\u0131k Deresi Bezirgan \u015eelalesi Mesirelik alan\u0131ndan, saat 11.30\u2019da ba\u015flayacak olan 63 km\u2019lik G\u00fcl Ulusal Bisiklet Yar\u0131\u015f\u0131n\u0131n start\u0131 ise G\u00fcneykent G\u00fclya\u011f\u0131 fabrikas\u0131 \u00f6n\u00fcnden verilecek ve t\u00fcm yar\u0131\u015flar\u0131n var\u0131\u015f noktas\u0131 15 Temmuz Cumhuriyet ve Demokrasi Meydan\u0131 olacak. Yar\u0131\u015flarda dereceye girenlere kupa, madalya ve para \u00f6d\u00fclleri takdim edilecek.<\/p>\n<p>Sanat\u00e7\u0131lar Ispartal\u0131larla bulu\u015facak<br \/>\n<br \/>Festivalde farkl\u0131 il ve \u00fclkelerden gelen folklor guruplar\u0131n\u0131n g\u00f6sterilerinin yan\u0131 s\u0131ra ak\u015fam b\u00f6l\u00fcm\u00fcnde de \u00fcnl\u00fc sanat\u00e7\u0131lar Ispartal\u0131larla bulu\u015facak. Eski otogar alan\u0131nda festivalin ilk g\u00fcn\u00fc saat 21.00\u2019da \u00d6yk\u00fc G\u00fcrman, 2.g\u00fcn\u00fc K\u0131ra\u00e7 konserleri yer alacak. Yine festivalin son g\u00fcn\u00fcnde ise \u2018Urfa\u2019n\u0131n Siyah G\u00fcl\u00fc ile Isparta\u2019n\u0131n Pembe G\u00fcllerinin \u015e\u00f6leni\u2019 ad\u0131 alt\u0131nda Urfa Ahengi S\u0131ra Gecesi ile festival son bulacak. Bu arada festival boyunca yine yurt i\u00e7inden Ankara Ke\u00e7i\u00f6ren Belediyesi Halk Oyunlar\u0131 Toplulu\u011fu, Silifke Belediyesi Halk Danslar\u0131 Toplulu\u011fu, Gaziantep B\u00fcy\u00fck\u015fehir Belediyesi Halk Oyunlar\u0131 Toplulu\u011fu, Ankara \u00c7ocuk ve Gen\u00e7lik Halk Danslar\u0131 Toplulu\u011fu, Isparta Dilek K\u00fclt\u00fcr Sanat Kul\u00fcb\u00fc ile Isparta Belediyesi ISMEK Halk Oyunlar\u0131 Guruplar\u0131 oyunlar\u0131n\u0131 sergileyecek. Yurt d\u0131\u015f\u0131ndan ise karde\u015f \u00fclke Kuzey K\u0131br\u0131s T\u00fcrk Cumhuriyeti Gazima\u011fusa Halk Danslar\u0131 Derne\u011fi ve Karpaz Sevdal\u0131lar\u0131 K\u00fclt\u00fcr ve Sanat Derne\u011fi Halk Danslar\u0131 Toplulu\u011fu kat\u0131l\u0131rken, Bulgaristan Folklor Dans Grubu, Kosova Folklor Dans Grubu, Kosova Memleket Sevdal\u0131lar\u0131, Romanya Folklor Toplulu\u011fu da festivale renk katacak.<br \/><\/p>\n","protected":false},"excerpt":{"rendered":"<p>Isparta Uluslararas\u0131 G\u00fcl Festivali 30 May\u0131s 1 Haziran tarihleri aras\u0131nda ger\u00e7ekle\u015ftirilecek. Festival kapsam\u0131nda g\u00fcl bah\u00e7elerinde g\u00fcl hasad\u0131 yap\u0131lacak, g\u00fcl ko\u015fusu, g\u00fcl bisiklet yar\u0131\u015f\u0131, \u00e7e\u015fitli yar\u0131\u015fmalar, etkinlikler ve konserler d\u00fczenlenecek. Isparta Valili\u011fi ile Isparta Belediyesi taraf\u0131ndan d\u00fczenlenecek Isparta Uluslararas\u0131 G\u00fcl Festivalinde farkl\u0131 il ve \u00fclkelerden ekiplerde y\u00f6resel g\u00f6steriler sunacak. Festivalde sanat\u00e7\u0131lar \u00d6yk\u00fc G\u00fcrman, K\u0131ra\u00e7 konser verecek&#8230;<\/p>\n","protected":false},"author":1,"featured_media":31972,"comment_status":"open","ping_status":"open","sticky":false,"template":"","format":"standard","meta":{"_crdt_document":"","footnotes":""},"categories":[1],"tags":[],"class_list":["post-31971","post","type-post","status-publish","format-standard","has-post-thumbnail","hentry","category-guncel"],"_links":{"self":[{"href":"https:\/\/www.egemtv.com\/index.php?rest_route=\/wp\/v2\/posts\/31971","targetHints":{"allow":["GET"]}}],"collection":[{"href":"https:\/\/www.egemtv.com\/index.php?rest_route=\/wp\/v2\/posts"}],"about":[{"href":"https:\/\/www.egemtv.com\/index.php?rest_route=\/wp\/v2\/types\/post"}],"author":[{"embeddable":true,"href":"https:\/\/www.egemtv.com\/index.php?rest_route=\/wp\/v2\/users\/1"}],"replies":[{"embeddable":true,"href":"https:\/\/www.egemtv.com\/index.php?rest_route=%2Fwp%2Fv2%2Fcomments&post=31971"}],"version-history":[{"count":1,"href":"https:\/\/www.egemtv.com\/index.php?rest_route=\/wp\/v2\/posts\/31971\/revisions"}],"predecessor-version":[{"id":31973,"href":"https:\/\/www.egemtv.com\/index.php?rest_route=\/wp\/v2\/posts\/31971\/revisions\/31973"}],"wp:featuredmedia":[{"embeddable":true,"href":"https:\/\/www.egemtv.com\/index.php?rest_route=\/wp\/v2\/media\/31972"}],"wp:attachment":[{"href":"https:\/\/www.egemtv.com\/index.php?rest_route=%2Fwp%2Fv2%2Fmedia&parent=31971"}],"wp:term":[{"taxonomy":"category","embeddable":true,"href":"https:\/\/www.egemtv.com\/index.php?rest_route=%2Fwp%2Fv2%2Fcategories&post=31971"},{"taxonomy":"post_tag","embeddable":true,"href":"https:\/\/www.egemtv.com\/index.php?rest_route=%2Fwp%2Fv2%2Ftags&post=31971"}],"curies":[{"name":"wp","href":"https:\/\/api.w.org\/{rel}","templated":true}]}}