{"id":31968,"date":"2025-05-28T14:36:05","date_gmt":"2025-05-28T11:36:05","guid":{"rendered":"https:\/\/www.egemtv.com\/?p=31968"},"modified":"2025-05-28T14:36:10","modified_gmt":"2025-05-28T11:36:10","slug":"ilklerin-firmasi-gedik-pilic-ilk-100de-yerini-aldi","status":"publish","type":"post","link":"https:\/\/www.egemtv.com\/?p=31968","title":{"rendered":"\u0130lklerin firmas\u0131 Gedik Pili\u00e7 ilk 100\u2019de yerini ald\u0131"},"content":{"rendered":"<p>T\u00fcrkiye\u2019nin en b\u00fcy\u00fck 500 sanayi kurulu\u015fu listesi 2024 d\u00f6nem sonu\u00e7lar\u0131 \u0130stanbul Sanayi Odas\u0131 (\u0130SO) taraf\u0131ndan a\u00e7\u0131kland\u0131. \u0130SO\u2019nun T\u00fcrkiye\u2019nin 500 B\u00fcy\u00fck Sanayi Kurulu\u015fu 2024 Ara\u015ft\u0131rmas\u0131na g\u00f6re, kanatl\u0131 eti sekt\u00f6r\u00fcn\u00fcn lider kurulu\u015flar\u0131ndan Gedik Pili\u00e7, \u00fcretimden sat\u0131\u015flarda 23 s\u0131ra y\u00fckselerek 100\u2019\u00fcnc\u00fc oldu.<\/p>\n<p>U\u015fak\u2019\u0131n E\u015fme il\u00e7esinde faaliyet g\u00f6steren ve 2009 y\u0131l\u0131ndan bu yana her y\u0131l \u0130SO 500 listesine girmeyi ba\u015faran Gedik Tavuk\u00e7uluk ve Tar\u0131m \u00dcr\u00fcnleri Tic. San. A.\u015e., 2024 d\u00f6nem sonu\u00e7lar\u0131na g\u00f6re \u00fcretimden sat\u0131\u015flarda 23 s\u0131ra, net sat\u0131\u015flarda 26 s\u0131ra birden y\u00fckselerek ilk 100 i\u00e7inde yer almay\u0131 ba\u015fard\u0131.<br \/>\n<br \/>1968 y\u0131l\u0131ndan bu yana, ihracat, yenilik\u00e7i \u00fcr\u00fcnler ve s\u00fcrd\u00fcr\u00fclebilirlik projelerine yapt\u0131\u011f\u0131 yat\u0131r\u0131mlarla 2024 y\u0131l\u0131nda da b\u00fcy\u00fcmeye devam eden Gedik Pili\u00e7 2020 y\u0131l\u0131nda d\u00fcnyan\u0131n en kalabal\u0131k \u00fclkesi \u00c7in\u2019e ihracat yapan ilk ve tek T\u00fcrk firmas\u0131 olma ba\u015far\u0131s\u0131n\u0131 g\u00f6stermi\u015ftir. 2025 y\u0131l\u0131nda T\u00fcrkiye\u2019den AB\u2019ye ilk pili\u00e7 eti ihracat\u0131na da imzas\u0131n\u0131 atarak kanatl\u0131 eti sekt\u00f6r\u00fcne \u00f6nc\u00fcl\u00fck yapmaya devam etmektedir.<\/p>\n<p>Y\u00f6netim Kurulu \u00dcyesi Ya\u011f\u0131z Gedik, yapt\u0131\u011f\u0131 a\u00e7\u0131klamada &#8220;1968 y\u0131l\u0131nda kurucumuz ve onursal ba\u015fkan\u0131m\u0131z Halil Gedik taraf\u0131ndan ba\u015flayan yolculu\u011fumuza T\u00fcrkiye tavuk\u00e7uluk sekt\u00f6r\u00fcnde ilkleri ba\u015fararak devam ediyoruz. T\u00fcrkiye\u2019nin ilk 500 firmas\u0131 aras\u0131nda olan y\u00fczde 100 yerli sermayeli bir firma olarak, 2024 y\u0131l\u0131nda da teknolojiye dayal\u0131, nitelikli ve katma de\u011fer olu\u015fturmaya y\u00f6nelik yat\u0131r\u0131mlar\u0131m\u0131z sonucunda ger\u00e7ekle\u015fen sat\u0131\u015flar\u0131m\u0131zla T\u00fcrkiye\u2019nin 500 b\u00fcy\u00fck sanayi kurulu\u015fu aras\u0131nda 100\u2019\u00fcnc\u00fc s\u0131ray\u0131 almaktan gurur duyuyoruz.  Bulundu\u011fumuz b\u00f6lgenin en b\u00fcy\u00fck firmas\u0131 olarak her zaman hem b\u00f6lge hem de \u00fclke ekonomisine fayda sa\u011flamak ad\u0131na, direk ve dolayl\u0131 olarak katk\u0131 sa\u011flad\u0131\u011f\u0131m\u0131z istihdam ile sadece kar ama\u00e7l\u0131 olmay\u0131p, sosyal sorumlulu\u011fu da kendimize g\u00f6rev ediniyoruz. S\u00fcrd\u00fcrebilirlik politikalar\u0131m\u0131z \u00e7er\u00e7evesinde do\u011faya ve insana sayg\u0131l\u0131 lider G\u0131da Firmas\u0131 olarak inovatif \u00fcr\u00fcnlerle ilerlemek en b\u00fcy\u00fck hedefimiz&#8221; dedi.<br \/><\/p>\n","protected":false},"excerpt":{"rendered":"<p>T\u00fcrkiye\u2019nin en b\u00fcy\u00fck 500 sanayi kurulu\u015fu listesi 2024 d\u00f6nem sonu\u00e7lar\u0131 \u0130stanbul Sanayi Odas\u0131 (\u0130SO) taraf\u0131ndan a\u00e7\u0131kland\u0131. \u0130SO\u2019nun T\u00fcrkiye\u2019nin 500 B\u00fcy\u00fck Sanayi Kurulu\u015fu 2024 Ara\u015ft\u0131rmas\u0131na g\u00f6re, kanatl\u0131 eti sekt\u00f6r\u00fcn\u00fcn lider kurulu\u015flar\u0131ndan Gedik Pili\u00e7, \u00fcretimden sat\u0131\u015flarda 23 s\u0131ra y\u00fckselerek 100\u2019\u00fcnc\u00fc oldu. U\u015fak\u2019\u0131n E\u015fme il\u00e7esinde faaliyet g\u00f6steren ve 2009 y\u0131l\u0131ndan bu yana her y\u0131l \u0130SO 500 listesine girmeyi&#8230;<\/p>\n","protected":false},"author":1,"featured_media":31969,"comment_status":"open","ping_status":"open","sticky":false,"template":"","format":"standard","meta":{"_crdt_document":"","footnotes":""},"categories":[125],"tags":[],"class_list":["post-31968","post","type-post","status-publish","format-standard","has-post-thumbnail","hentry","category-ekonomi"],"_links":{"self":[{"href":"https:\/\/www.egemtv.com\/index.php?rest_route=\/wp\/v2\/posts\/31968","targetHints":{"allow":["GET"]}}],"collection":[{"href":"https:\/\/www.egemtv.com\/index.php?rest_route=\/wp\/v2\/posts"}],"about":[{"href":"https:\/\/www.egemtv.com\/index.php?rest_route=\/wp\/v2\/types\/post"}],"author":[{"embeddable":true,"href":"https:\/\/www.egemtv.com\/index.php?rest_route=\/wp\/v2\/users\/1"}],"replies":[{"embeddable":true,"href":"https:\/\/www.egemtv.com\/index.php?rest_route=%2Fwp%2Fv2%2Fcomments&post=31968"}],"version-history":[{"count":1,"href":"https:\/\/www.egemtv.com\/index.php?rest_route=\/wp\/v2\/posts\/31968\/revisions"}],"predecessor-version":[{"id":31970,"href":"https:\/\/www.egemtv.com\/index.php?rest_route=\/wp\/v2\/posts\/31968\/revisions\/31970"}],"wp:featuredmedia":[{"embeddable":true,"href":"https:\/\/www.egemtv.com\/index.php?rest_route=\/wp\/v2\/media\/31969"}],"wp:attachment":[{"href":"https:\/\/www.egemtv.com\/index.php?rest_route=%2Fwp%2Fv2%2Fmedia&parent=31968"}],"wp:term":[{"taxonomy":"category","embeddable":true,"href":"https:\/\/www.egemtv.com\/index.php?rest_route=%2Fwp%2Fv2%2Fcategories&post=31968"},{"taxonomy":"post_tag","embeddable":true,"href":"https:\/\/www.egemtv.com\/index.php?rest_route=%2Fwp%2Fv2%2Ftags&post=31968"}],"curies":[{"name":"wp","href":"https:\/\/api.w.org\/{rel}","templated":true}]}}