{"id":31965,"date":"2025-05-28T14:18:13","date_gmt":"2025-05-28T11:18:13","guid":{"rendered":"https:\/\/www.egemtv.com\/?p=31965"},"modified":"2025-05-28T14:18:16","modified_gmt":"2025-05-28T11:18:16","slug":"egirdirde-tarim-iscilerine-guvenli-ulasim-denetimi-2-araca-ceza-kesildi","status":"publish","type":"post","link":"https:\/\/www.egemtv.com\/?p=31965","title":{"rendered":"E\u011firdir\u2019de tar\u0131m i\u015f\u00e7ilerine g\u00fcvenli ula\u015f\u0131m denetimi: 2 araca ceza kesildi"},"content":{"rendered":"<p>Isparta Jandarma ekipleri tar\u0131m i\u015f\u00e7ilerini ta\u015f\u0131yan servis ara\u00e7lar\u0131na y\u00f6nelik denetim ger\u00e7ekle\u015ftirdi. Trafik g\u00fcvenli\u011fi konusunda bilgilendirme ger\u00e7ekle\u015ftiren ekipler, denetimlerde tar\u0131m i\u015f\u00e7ilerini ta\u015f\u0131yan 2 servis arac\u0131n\u0131n kurallara uymad\u0131\u011f\u0131n\u0131 tespit ederek cezai i\u015flem uygulad\u0131.<br \/>\n<br \/>E\u011firdir il\u00e7esinde, tar\u0131m sezonunun ba\u015flamas\u0131yla birlikte jandarma ekipleri taraf\u0131ndan tar\u0131m i\u015f\u00e7ilerini ta\u015f\u0131yan servis ara\u00e7lar\u0131na y\u00f6nelik denetim ger\u00e7ekle\u015ftirildi. E\u011firdir \u0130l\u00e7e Jandarma Komutanl\u0131\u011f\u0131 Asayi\u015f ve Trafik Timleri, Senirkent ve Antalya il yolunda yapt\u0131\u011f\u0131 uygulamada 6 tar\u0131m i\u015f\u00e7isi servisini durdurarak kontroller ger\u00e7ekle\u015ftirdi. Denetimlerde, servis ara\u00e7lar\u0131n\u0131n yolcu ta\u015f\u0131ma kurallar\u0131na uyup uymad\u0131\u011f\u0131 kontrol edilirken, ara\u00e7lardaki tar\u0131m i\u015f\u00e7ilerine de trafik kazalar\u0131na kar\u015f\u0131 al\u0131nmas\u0131 gereken \u00f6nlemler ile genel trafik kurallar\u0131 hakk\u0131nda bilgilendirme yap\u0131ld\u0131. Yap\u0131lan kontrollerde kurallara uymad\u0131\u011f\u0131 tespit edilen 2 ara\u00e7 s\u00fcr\u00fcc\u00fcs\u00fcne toplam 2 bin 740 TL idari para cezas\u0131 uyguland\u0131.<br \/><\/p>\n","protected":false},"excerpt":{"rendered":"<p>Isparta Jandarma ekipleri tar\u0131m i\u015f\u00e7ilerini ta\u015f\u0131yan servis ara\u00e7lar\u0131na y\u00f6nelik denetim ger\u00e7ekle\u015ftirdi. Trafik g\u00fcvenli\u011fi konusunda bilgilendirme ger\u00e7ekle\u015ftiren ekipler, denetimlerde tar\u0131m i\u015f\u00e7ilerini ta\u015f\u0131yan 2 servis arac\u0131n\u0131n kurallara uymad\u0131\u011f\u0131n\u0131 tespit ederek cezai i\u015flem uygulad\u0131. E\u011firdir il\u00e7esinde, tar\u0131m sezonunun ba\u015flamas\u0131yla birlikte jandarma ekipleri taraf\u0131ndan tar\u0131m i\u015f\u00e7ilerini ta\u015f\u0131yan servis ara\u00e7lar\u0131na y\u00f6nelik denetim ger\u00e7ekle\u015ftirildi. E\u011firdir \u0130l\u00e7e Jandarma Komutanl\u0131\u011f\u0131 Asayi\u015f ve Trafik&#8230;<\/p>\n","protected":false},"author":1,"featured_media":31966,"comment_status":"open","ping_status":"open","sticky":false,"template":"","format":"standard","meta":{"_crdt_document":"","footnotes":""},"categories":[5],"tags":[],"class_list":["post-31965","post","type-post","status-publish","format-standard","has-post-thumbnail","hentry","category-asayis"],"_links":{"self":[{"href":"https:\/\/www.egemtv.com\/index.php?rest_route=\/wp\/v2\/posts\/31965","targetHints":{"allow":["GET"]}}],"collection":[{"href":"https:\/\/www.egemtv.com\/index.php?rest_route=\/wp\/v2\/posts"}],"about":[{"href":"https:\/\/www.egemtv.com\/index.php?rest_route=\/wp\/v2\/types\/post"}],"author":[{"embeddable":true,"href":"https:\/\/www.egemtv.com\/index.php?rest_route=\/wp\/v2\/users\/1"}],"replies":[{"embeddable":true,"href":"https:\/\/www.egemtv.com\/index.php?rest_route=%2Fwp%2Fv2%2Fcomments&post=31965"}],"version-history":[{"count":1,"href":"https:\/\/www.egemtv.com\/index.php?rest_route=\/wp\/v2\/posts\/31965\/revisions"}],"predecessor-version":[{"id":31967,"href":"https:\/\/www.egemtv.com\/index.php?rest_route=\/wp\/v2\/posts\/31965\/revisions\/31967"}],"wp:featuredmedia":[{"embeddable":true,"href":"https:\/\/www.egemtv.com\/index.php?rest_route=\/wp\/v2\/media\/31966"}],"wp:attachment":[{"href":"https:\/\/www.egemtv.com\/index.php?rest_route=%2Fwp%2Fv2%2Fmedia&parent=31965"}],"wp:term":[{"taxonomy":"category","embeddable":true,"href":"https:\/\/www.egemtv.com\/index.php?rest_route=%2Fwp%2Fv2%2Fcategories&post=31965"},{"taxonomy":"post_tag","embeddable":true,"href":"https:\/\/www.egemtv.com\/index.php?rest_route=%2Fwp%2Fv2%2Ftags&post=31965"}],"curies":[{"name":"wp","href":"https:\/\/api.w.org\/{rel}","templated":true}]}}