{"id":31959,"date":"2025-05-28T13:57:34","date_gmt":"2025-05-28T10:57:34","guid":{"rendered":"https:\/\/www.egemtv.com\/?p=31959"},"modified":"2025-05-28T13:57:39","modified_gmt":"2025-05-28T10:57:39","slug":"tavsanlidan-baba-kiz-bilek-guresinde-aldiklari-madalyalarla-tavsanlina-buyuk-gurur-yasatti","status":"publish","type":"post","link":"https:\/\/www.egemtv.com\/?p=31959","title":{"rendered":"Tav\u015fanl\u0131\u2019dan baba- k\u0131z bilek g\u00fcre\u015finde ald\u0131klar\u0131 madalyalarla Tav\u015fanl\u0131\u2019na b\u00fcy\u00fck gurur ya\u015fatt\u0131"},"content":{"rendered":"<p>Samsun\u2019da d\u00fczenlenen Okulsporlar\u0131 Bilek G\u00fcre\u015fi Gen\u00e7 A T\u00fcrkiye \u015eampiyonas\u0131\u2019nda K\u00fctahya\u2019n\u0131n Tav\u015fanl\u0131 il\u00e7esinden baba-k\u0131z, ald\u0131klar\u0131 madalyalarla il\u00e7elerine b\u00fcy\u00fck gurur ya\u015fatt\u0131. Tav\u015fanl\u0131 Atat\u00fcrk Anadolu Lisesi \u00f6\u011frencisi R\u00fcmeysa Sam ve antren\u00f6r\u00fc olan babas\u0131 Fatih Sam, \u015fampiyonada adeta f\u0131rt\u0131na gibi esti.<br \/>\n<br \/>Samsun\u2019da ger\u00e7ekle\u015ftirilen Okulsporlar\u0131 Bilek G\u00fcre\u015fi Gen\u00e7 A T\u00fcrkiye \u015eampiyonas\u0131\u2019nda K\u00fctahya ve Tav\u015fanl\u0131\u2019y\u0131 temsil eden R\u00fcmeysa Sam, k\u0131zlar 75 kg kategorisinde g\u00f6z dolduran bir performans sergiledi. Tav\u015fanl\u0131 Atat\u00fcrk Anadolu Lisesi \u00f6\u011frencisi ve Tav\u015fanl\u0131 Belediyesi Spor Kul\u00fcb\u00fc Bilek G\u00fcre\u015fi Tak\u0131m\u0131 sporcusu olan R\u00fcmeysa, sol kolda T\u00fcrkiye \u015eampiyonu olarak alt\u0131n madalyan\u0131n sahibi oldu. Gen\u00e7 sporcu ayn\u0131 zamanda sa\u011f kolda da T\u00fcrkiye 2\u2019ncisi olarak g\u00fcm\u00fc\u015f madalya kazand\u0131.<br \/>\n<br \/>Sol kolda T\u00fcrkiye \u015fampiyonu olan R\u00fcmeysa Sam, &#8220;Atat\u00fcrk Anadolu Lisesi\u2019nde okuyorum ve bu sene okul sporlar\u0131nda tekrar T\u00fcrkiye \u015fampiyonu oldum. Bu s\u00fcre\u00e7te babamla birlikte iyi bir \u015fekilde haz\u0131rland\u0131k. \u00d6ncesinde T\u00fcrkiye Milli Tak\u0131m se\u00e7melerinde biraz yorulmu\u015f olsak da elimizden geleni yapt\u0131k.&#8221; dedi.<br \/>\n<br \/>Hem antren\u00f6r\u00fc, hem de babas\u0131 olan Fatih Sam, Bedensel Engelliler 80 kg kategorisinde m\u00fccadele etti. Fatih Sam, sol kolda T\u00fcrkiye 3\u2019\u00fcnc\u00fcs\u00fc olarak bronz madalya, sa\u011f kolda ise T\u00fcrkiye 2\u2019ncisi olarak g\u00fcm\u00fc\u015f madalya kazanarak k\u0131z\u0131n\u0131n ba\u015far\u0131s\u0131na ortak oldu. Baba-k\u0131z\u0131n elde etti\u011fi bu \u00f6nemli dereceler, Tav\u015fanl\u0131\u2019da b\u00fcy\u00fck bir sevin\u00e7le kar\u015f\u0131land\u0131.<br \/>\n<br \/>Antren\u00f6r ve sporcu Fatih Sam, ya\u015fad\u0131klar\u0131 sevinci \u015fu \u015fekilde aktard\u0131;<br \/>\n<br \/>&#8220;Tav\u015fanl\u0131 Belediyespor Kul\u00fcb\u00fc olarak 2022 y\u0131l\u0131nda okul sporlar\u0131nda ba\u015flad\u0131\u011f\u0131m\u0131z bu yolculukta \u00f6nemli mesafeler katettik. Bu sene okul sporlar\u0131nda gen\u00e7ler kategorisinde 75 kiloda R\u00fcmeysa Sam T\u00fcrkiye \u015fampiyonu oldu. Milli tak\u0131m se\u00e7melerine de kat\u0131ld\u0131k ve \u00e7e\u015fitli dereceler elde ettik. Bedensel engelliler kategorisinde ise ben de madalya kazand\u0131m. R\u00fcmeysa, y\u0131ld\u0131zlar kategorisinden itibaren b\u00fcy\u00fck bir geli\u015fim g\u00f6sterdi. Avrupa ve d\u00fcnya \u015fampiyonluklar\u0131 da bulunan R\u00fcmeysa\u2019n\u0131n bu son ba\u015far\u0131s\u0131 bizleri \u00e7ok mutlu etti.&#8221;<br \/><\/p>\n","protected":false},"excerpt":{"rendered":"<p>Samsun\u2019da d\u00fczenlenen Okulsporlar\u0131 Bilek G\u00fcre\u015fi Gen\u00e7 A T\u00fcrkiye \u015eampiyonas\u0131\u2019nda K\u00fctahya\u2019n\u0131n Tav\u015fanl\u0131 il\u00e7esinden baba-k\u0131z, ald\u0131klar\u0131 madalyalarla il\u00e7elerine b\u00fcy\u00fck gurur ya\u015fatt\u0131. Tav\u015fanl\u0131 Atat\u00fcrk Anadolu Lisesi \u00f6\u011frencisi R\u00fcmeysa Sam ve antren\u00f6r\u00fc olan babas\u0131 Fatih Sam, \u015fampiyonada adeta f\u0131rt\u0131na gibi esti. Samsun\u2019da ger\u00e7ekle\u015ftirilen Okulsporlar\u0131 Bilek G\u00fcre\u015fi Gen\u00e7 A T\u00fcrkiye \u015eampiyonas\u0131\u2019nda K\u00fctahya ve Tav\u015fanl\u0131\u2019y\u0131 temsil eden R\u00fcmeysa Sam, k\u0131zlar 75&#8230;<\/p>\n","protected":false},"author":1,"featured_media":31960,"comment_status":"open","ping_status":"open","sticky":false,"template":"","format":"standard","meta":{"_crdt_document":"","footnotes":""},"categories":[4],"tags":[],"class_list":["post-31959","post","type-post","status-publish","format-standard","has-post-thumbnail","hentry","category-spor"],"_links":{"self":[{"href":"https:\/\/www.egemtv.com\/index.php?rest_route=\/wp\/v2\/posts\/31959","targetHints":{"allow":["GET"]}}],"collection":[{"href":"https:\/\/www.egemtv.com\/index.php?rest_route=\/wp\/v2\/posts"}],"about":[{"href":"https:\/\/www.egemtv.com\/index.php?rest_route=\/wp\/v2\/types\/post"}],"author":[{"embeddable":true,"href":"https:\/\/www.egemtv.com\/index.php?rest_route=\/wp\/v2\/users\/1"}],"replies":[{"embeddable":true,"href":"https:\/\/www.egemtv.com\/index.php?rest_route=%2Fwp%2Fv2%2Fcomments&post=31959"}],"version-history":[{"count":1,"href":"https:\/\/www.egemtv.com\/index.php?rest_route=\/wp\/v2\/posts\/31959\/revisions"}],"predecessor-version":[{"id":31961,"href":"https:\/\/www.egemtv.com\/index.php?rest_route=\/wp\/v2\/posts\/31959\/revisions\/31961"}],"wp:featuredmedia":[{"embeddable":true,"href":"https:\/\/www.egemtv.com\/index.php?rest_route=\/wp\/v2\/media\/31960"}],"wp:attachment":[{"href":"https:\/\/www.egemtv.com\/index.php?rest_route=%2Fwp%2Fv2%2Fmedia&parent=31959"}],"wp:term":[{"taxonomy":"category","embeddable":true,"href":"https:\/\/www.egemtv.com\/index.php?rest_route=%2Fwp%2Fv2%2Fcategories&post=31959"},{"taxonomy":"post_tag","embeddable":true,"href":"https:\/\/www.egemtv.com\/index.php?rest_route=%2Fwp%2Fv2%2Ftags&post=31959"}],"curies":[{"name":"wp","href":"https:\/\/api.w.org\/{rel}","templated":true}]}}