{"id":31956,"date":"2025-05-28T13:57:30","date_gmt":"2025-05-28T10:57:30","guid":{"rendered":"https:\/\/www.egemtv.com\/?p=31956"},"modified":"2025-05-28T13:57:34","modified_gmt":"2025-05-28T10:57:34","slug":"yunusemrenin-u17leri-namaglup-il-sampiyonu-oldu","status":"publish","type":"post","link":"https:\/\/www.egemtv.com\/?p=31956","title":{"rendered":"Yunusemre\u2019nin U17\u2019leri nama\u011flup il \u015fampiyonu oldu"},"content":{"rendered":"<p>Yunusemre Belediyespor U17 Futbol Tak\u0131m\u0131, U17 Futbol \u0130l Birincili\u011finde nama\u011flup \u015fampiyon olarak T\u00fcrkiye \u015eampiyonas\u0131\u2019na kat\u0131lmaya hak kazand\u0131.<br \/>\n<br \/>Yunusemre Belediyespor U17 Futbol Tak\u0131m\u0131, Manisa Amat\u00f6r Spor Kul\u00fcpleri Federasyonu ve Futbol \u0130l Temsilcili\u011fi taraf\u0131ndan organize edilen \u0130l Birincili\u011fi M\u00fcsabakalar\u0131nda nama\u011flup \u015fampiyon oldu. Grup eleme m\u00fcsabakalar\u0131nda oynad\u0131\u011f\u0131 t\u00fcm ma\u00e7lar\u0131 kazanan, ard\u0131ndan play off elemesini ge\u00e7ip final grubuna kalan Mavi Beyazl\u0131lar, bu turda oynad\u0131\u011f\u0131 4 ma\u00e7ta 3 galibiyet, 1 beraberlik ald\u0131 ve toplad\u0131\u011f\u0131 10 puanla grubunu nama\u011flup zirvede tamamlad\u0131. Yunusemre\u2019nin gen\u00e7leri b\u00f6ylelikle Manisa\u2019y\u0131 T\u00fcrkiye \u015eampiyonas\u0131\u2019nda temsil etmeye hak kazand\u0131.<br \/>\n<br \/>Yunusemre Belediyespor Ba\u015fkan\u0131 B\u00fclent Kanik yapt\u0131\u011f\u0131 a\u00e7\u0131klamada t\u00fcm ekibi tebrik ederek elde edilen ba\u015far\u0131n\u0131n tesad\u00fcf olmad\u0131\u011f\u0131n\u0131 s\u00f6yledi. Ba\u015fkan Kanik, 2008 ya\u015f grubunda yakalad\u0131klar\u0131 iyi jenerasyonla yetenekli oyuncular yeti\u015ftirdiklerini, ge\u00e7en sezon iki oyuncuyu profesyonel lige g\u00f6nderdiklerini, disiplinli bir ekip \u00e7al\u0131\u015fmas\u0131 neticesinde son iki sezonun il \u015fampiyonu olduklar\u0131n\u0131 hat\u0131rlatarak, &#8220;Gen\u00e7lerimiz ge\u00e7en sezon oldu\u011fu gibi bu y\u0131l da hedefe ula\u015farak gururumuz oldu. Kendi liginde iki sezondur ma\u011flubiyet y\u00fcz\u00fc g\u00f6rmeden \u015fampiyon olan, \u00fcstelik bu sezon bir \u00fcst ya\u015f kategorisi olan U18 Ligi\u2019nde final oynama ba\u015far\u0131s\u0131 g\u00f6steren futbolcular\u0131m\u0131z\u0131 ve antren\u00f6r\u00fcm\u00fcz Birol Yi\u011fit\u2019i y\u00fcrekten kutluyorum. Bu k\u0131ymetli \u015fampiyonlu\u011fu ba\u015far\u0131lar\u0131m\u0131z\u0131n \u00f6nc\u00fcs\u00fc olan, sporu ve sporcuyu her daim destekleyen Yunusemre Belediye Ba\u015fkan\u0131m\u0131z Semih Balaban\u2019a arma\u011fan ediyoruz&#8221; dedi. Futbol \u015eube Sorumlusu Metin Kele\u015f de kat\u0131lacaklar\u0131 T\u00fcrkiye \u015eampiyonas\u0131\u2019nda Manisa\u2019y\u0131 ba\u015far\u0131yla temsil etmek istediklerini kaydetti. Kele\u015f, &#8220;Ge\u00e7en y\u0131l K\u00fctahya\u2019da yap\u0131lan 1.Kademe M\u00fcsabakalar\u0131nda final ma\u00e7\u0131nda penalt\u0131larla \u015fanss\u0131z \u015fekilde elenmi\u015ftik. Bu defa \u00e7ok daha iyi yerlerde olaca\u011f\u0131m\u0131za inan\u0131yoruz&#8221; ifadelerini kulland\u0131.<br \/><\/p>\n","protected":false},"excerpt":{"rendered":"<p>Yunusemre Belediyespor U17 Futbol Tak\u0131m\u0131, U17 Futbol \u0130l Birincili\u011finde nama\u011flup \u015fampiyon olarak T\u00fcrkiye \u015eampiyonas\u0131\u2019na kat\u0131lmaya hak kazand\u0131. Yunusemre Belediyespor U17 Futbol Tak\u0131m\u0131, Manisa Amat\u00f6r Spor Kul\u00fcpleri Federasyonu ve Futbol \u0130l Temsilcili\u011fi taraf\u0131ndan organize edilen \u0130l Birincili\u011fi M\u00fcsabakalar\u0131nda nama\u011flup \u015fampiyon oldu. Grup eleme m\u00fcsabakalar\u0131nda oynad\u0131\u011f\u0131 t\u00fcm ma\u00e7lar\u0131 kazanan, ard\u0131ndan play off elemesini ge\u00e7ip final grubuna kalan&#8230;<\/p>\n","protected":false},"author":1,"featured_media":31957,"comment_status":"open","ping_status":"open","sticky":false,"template":"","format":"standard","meta":{"_crdt_document":"","footnotes":""},"categories":[4],"tags":[],"class_list":["post-31956","post","type-post","status-publish","format-standard","has-post-thumbnail","hentry","category-spor"],"_links":{"self":[{"href":"https:\/\/www.egemtv.com\/index.php?rest_route=\/wp\/v2\/posts\/31956","targetHints":{"allow":["GET"]}}],"collection":[{"href":"https:\/\/www.egemtv.com\/index.php?rest_route=\/wp\/v2\/posts"}],"about":[{"href":"https:\/\/www.egemtv.com\/index.php?rest_route=\/wp\/v2\/types\/post"}],"author":[{"embeddable":true,"href":"https:\/\/www.egemtv.com\/index.php?rest_route=\/wp\/v2\/users\/1"}],"replies":[{"embeddable":true,"href":"https:\/\/www.egemtv.com\/index.php?rest_route=%2Fwp%2Fv2%2Fcomments&post=31956"}],"version-history":[{"count":1,"href":"https:\/\/www.egemtv.com\/index.php?rest_route=\/wp\/v2\/posts\/31956\/revisions"}],"predecessor-version":[{"id":31958,"href":"https:\/\/www.egemtv.com\/index.php?rest_route=\/wp\/v2\/posts\/31956\/revisions\/31958"}],"wp:featuredmedia":[{"embeddable":true,"href":"https:\/\/www.egemtv.com\/index.php?rest_route=\/wp\/v2\/media\/31957"}],"wp:attachment":[{"href":"https:\/\/www.egemtv.com\/index.php?rest_route=%2Fwp%2Fv2%2Fmedia&parent=31956"}],"wp:term":[{"taxonomy":"category","embeddable":true,"href":"https:\/\/www.egemtv.com\/index.php?rest_route=%2Fwp%2Fv2%2Fcategories&post=31956"},{"taxonomy":"post_tag","embeddable":true,"href":"https:\/\/www.egemtv.com\/index.php?rest_route=%2Fwp%2Fv2%2Ftags&post=31956"}],"curies":[{"name":"wp","href":"https:\/\/api.w.org\/{rel}","templated":true}]}}