{"id":31953,"date":"2025-05-28T13:57:26","date_gmt":"2025-05-28T10:57:26","guid":{"rendered":"https:\/\/www.egemtv.com\/?p=31953"},"modified":"2025-05-28T13:57:30","modified_gmt":"2025-05-28T10:57:30","slug":"tavas-belediyesi-kultur-gezileri-basladi","status":"publish","type":"post","link":"https:\/\/www.egemtv.com\/?p=31953","title":{"rendered":"Tavas Belediyesi k\u00fclt\u00fcr gezileri ba\u015flad\u0131"},"content":{"rendered":"<p>Tavas Belediyesi taraf\u0131ndan hayata ge\u00e7irilen K\u00fclt\u00fcr Gezileri, \u00c7anakkale\u2019ye g\u00f6nderilen ilk kafile ile ba\u015flad\u0131.<br \/>\n<br \/>Tavas Belediyesinin hayata ge\u00e7irdi\u011fi K\u00fclt\u00fcr Gezileri projesi \u00c7anakkale\u2019ye d\u00fczenlenen ilk geziyle ba\u015flad\u0131. Tavas halk\u0131n\u0131n \u00e7e\u015fitli k\u00fclt\u00fcrleri ve tarihi de\u011ferleri g\u00f6rmeleri ve de\u011ferleri hissetmeleri amac\u0131yla d\u00fczenlenen projede ilk gezi Tavasl\u0131 emekli kad\u0131nlar i\u00e7in \u00c7anakkale\u2019ye d\u00fczenlendi. 1\u2019inci D\u00fcnya Sava\u015f\u0131nda vatan\u0131 korumak i\u00e7in binlerce kahraman ecdad\u0131n cenk etti\u011fi ve b\u00fcy\u00fck zaferin ya\u015fand\u0131\u011f\u0131 yerleri ilk defa g\u00f6recek olan kad\u0131nlardan olu\u015fturulan kafile \u00c7anakkale gezisi i\u00e7in yola \u00e7\u0131kt\u0131.<br \/>\n<br \/>Tavas Belediye Ba\u015fkan\u0131 Kadir Tat\u0131k, milli de\u011ferleri ve k\u00fclt\u00fcrleri Tavasl\u0131 vatanda\u015flara yans\u0131tmak i\u00e7in K\u00fclt\u00fcr Gezisi projesinin devam edilece\u011fini belirtti.<br \/><\/p>\n","protected":false},"excerpt":{"rendered":"<p>Tavas Belediyesi taraf\u0131ndan hayata ge\u00e7irilen K\u00fclt\u00fcr Gezileri, \u00c7anakkale\u2019ye g\u00f6nderilen ilk kafile ile ba\u015flad\u0131. Tavas Belediyesinin hayata ge\u00e7irdi\u011fi K\u00fclt\u00fcr Gezileri projesi \u00c7anakkale\u2019ye d\u00fczenlenen ilk geziyle ba\u015flad\u0131. Tavas halk\u0131n\u0131n \u00e7e\u015fitli k\u00fclt\u00fcrleri ve tarihi de\u011ferleri g\u00f6rmeleri ve de\u011ferleri hissetmeleri amac\u0131yla d\u00fczenlenen projede ilk gezi Tavasl\u0131 emekli kad\u0131nlar i\u00e7in \u00c7anakkale\u2019ye d\u00fczenlendi. 1\u2019inci D\u00fcnya Sava\u015f\u0131nda vatan\u0131 korumak i\u00e7in binlerce kahraman&#8230;<\/p>\n","protected":false},"author":1,"featured_media":31954,"comment_status":"open","ping_status":"open","sticky":false,"template":"","format":"standard","meta":{"_crdt_document":"","footnotes":""},"categories":[1],"tags":[],"class_list":["post-31953","post","type-post","status-publish","format-standard","has-post-thumbnail","hentry","category-guncel"],"_links":{"self":[{"href":"https:\/\/www.egemtv.com\/index.php?rest_route=\/wp\/v2\/posts\/31953","targetHints":{"allow":["GET"]}}],"collection":[{"href":"https:\/\/www.egemtv.com\/index.php?rest_route=\/wp\/v2\/posts"}],"about":[{"href":"https:\/\/www.egemtv.com\/index.php?rest_route=\/wp\/v2\/types\/post"}],"author":[{"embeddable":true,"href":"https:\/\/www.egemtv.com\/index.php?rest_route=\/wp\/v2\/users\/1"}],"replies":[{"embeddable":true,"href":"https:\/\/www.egemtv.com\/index.php?rest_route=%2Fwp%2Fv2%2Fcomments&post=31953"}],"version-history":[{"count":1,"href":"https:\/\/www.egemtv.com\/index.php?rest_route=\/wp\/v2\/posts\/31953\/revisions"}],"predecessor-version":[{"id":31955,"href":"https:\/\/www.egemtv.com\/index.php?rest_route=\/wp\/v2\/posts\/31953\/revisions\/31955"}],"wp:featuredmedia":[{"embeddable":true,"href":"https:\/\/www.egemtv.com\/index.php?rest_route=\/wp\/v2\/media\/31954"}],"wp:attachment":[{"href":"https:\/\/www.egemtv.com\/index.php?rest_route=%2Fwp%2Fv2%2Fmedia&parent=31953"}],"wp:term":[{"taxonomy":"category","embeddable":true,"href":"https:\/\/www.egemtv.com\/index.php?rest_route=%2Fwp%2Fv2%2Fcategories&post=31953"},{"taxonomy":"post_tag","embeddable":true,"href":"https:\/\/www.egemtv.com\/index.php?rest_route=%2Fwp%2Fv2%2Ftags&post=31953"}],"curies":[{"name":"wp","href":"https:\/\/api.w.org\/{rel}","templated":true}]}}