{"id":31950,"date":"2025-05-28T13:37:47","date_gmt":"2025-05-28T10:37:47","guid":{"rendered":"https:\/\/www.egemtv.com\/?p=31950"},"modified":"2025-05-28T13:37:53","modified_gmt":"2025-05-28T10:37:53","slug":"aydinda-paylasilamayan-meralar-bos-kaldi-yangin-tehlikesi-artti","status":"publish","type":"post","link":"https:\/\/www.egemtv.com\/?p=31950","title":{"rendered":"Ayd\u0131n\u2019da payla\u015f\u0131lamayan meralar bo\u015f kald\u0131, yang\u0131n tehlikesi artt\u0131"},"content":{"rendered":"<p>T\u00fcrkiye\u2019de hayvanc\u0131l\u0131\u011f\u0131n en \u00f6nemli merkezlerinden olan Ayd\u0131n\u2019da meralar bu y\u0131l bo\u015f kald\u0131. K\u00f6yl\u00fcler g\u00fcderek hayvan yeti\u015ftirmekten vazge\u00e7ince pek \u00e7ok k\u00f6ye ait merada otlar, adeta telef oldu. Havalar\u0131n \u0131s\u0131nmas\u0131 ile birlikte hayvan sal\u0131nmayan meralarda yang\u0131n tehlikesi ba\u015f g\u00f6sterdi.<\/p>\n<p>Ayd\u0131n\u2019\u0131n S\u00f6ke il\u00e7esine ba\u011fl\u0131 \u00c7al\u0131k\u00f6y\u2019de bulunan meraya bu y\u0131l hi\u00e7 hayvan sal\u0131nmad\u0131\u011f\u0131 \u00f6\u011frenildi. Eskiden hayvanc\u0131l\u0131\u011f\u0131n yayg\u0131n olmas\u0131ndan dolay\u0131 meralar\u0131n payla\u015f\u0131lamad\u0131\u011f\u0131n\u0131 ancak son y\u0131llarda hayvanlar\u0131n da tamamen haz\u0131r yem ile yap\u0131lmas\u0131ndan dolay\u0131 meralar\u0131n de\u011ferlendirilemedi\u011fini belirten y\u00f6re sakinlerinden \u0130brahim Evkuran, otlak olarak kullan\u0131lmayan bu alanlar\u0131n \u015fu anda yang\u0131n riski ile kar\u015f\u0131 kar\u015f\u0131ya oldu\u011funu kaydetti.<\/p>\n<p>T\u00fcrkiye\u2019de zorunlu e\u011fitimin 12 y\u0131la y\u00fckseltilmesi ile birlikte tar\u0131m ve hayvanc\u0131l\u0131\u011f\u0131n yan\u0131 s\u0131ra sanayi sekt\u00f6r\u00fcnde ciddi s\u0131k\u0131nt\u0131lar ya\u015fanmaya ba\u015flad\u0131\u011f\u0131n\u0131 belirten \u0130brahim Evkuran, &#8220;\u00c7ocuklar\u0131n durumuna g\u00f6re hayat planlamas\u0131 yap\u0131l\u0131rd\u0131. \u0130lkokuldan sonra her \u00e7ocu\u011fun hayat\u0131 \u015fekillenirdi. \u015eimdi okuyacak olan da okumak istemeyen de 12 y\u0131l zorunlu olarak okula gidiyor. Hal b\u00f6yle olunca ne esnaf sanatkar \u00e7ocu\u011funa meslek \u00f6\u011fretebiliyor ne de tar\u0131m ve hayvanc\u0131l\u0131kla u\u011fra\u015fan aileler \u00e7ocuklar\u0131n\u0131 bu sekt\u00f6re y\u00f6nlendirebiliyor. Y\u0131l\u0131n neredeyse 8 ay\u0131 hayvanlar\u0131n kendili\u011finden otlayarak d\u0131\u015far\u0131da karn\u0131n\u0131 doyurabildi\u011fi Ayd\u0131n\u2019da art\u0131k hayvanlar da k\u00f6ylerde gen\u00e7 nesil kalmad\u0131\u011f\u0131 i\u00e7in g\u00fcd\u00fclmez oldu. Hal b\u00f6yle olunca meralar da bombo\u015f kald\u0131. \u015eu anda Ayd\u0131n\u2019daki pek \u00e7ok k\u00f6yde meralardaki otlar hi\u00e7 fayda sa\u011flamadan telef oldu. \u00d6n\u00fcm\u00fczdeki g\u00fcnlerde bu otlar iyice kuruyunca yang\u0131n i\u00e7in b\u00fcy\u00fck risk olu\u015fturacak&#8221; dedi.<\/p>\n<p>\u00d6nceki y\u0131llarda bahar aylar\u0131nda hayvanlarla \u015fenlenen Ayd\u0131n\u2019daki meralar son y\u0131llarda k\u00f6ylerde gen\u00e7 kalmamas\u0131ndan dolay\u0131 kullan\u0131lmaz oldu\u011fu belirtildi.<br \/><\/p>\n","protected":false},"excerpt":{"rendered":"<p>T\u00fcrkiye\u2019de hayvanc\u0131l\u0131\u011f\u0131n en \u00f6nemli merkezlerinden olan Ayd\u0131n\u2019da meralar bu y\u0131l bo\u015f kald\u0131. K\u00f6yl\u00fcler g\u00fcderek hayvan yeti\u015ftirmekten vazge\u00e7ince pek \u00e7ok k\u00f6ye ait merada otlar, adeta telef oldu. Havalar\u0131n \u0131s\u0131nmas\u0131 ile birlikte hayvan sal\u0131nmayan meralarda yang\u0131n tehlikesi ba\u015f g\u00f6sterdi. Ayd\u0131n\u2019\u0131n S\u00f6ke il\u00e7esine ba\u011fl\u0131 \u00c7al\u0131k\u00f6y\u2019de bulunan meraya bu y\u0131l hi\u00e7 hayvan sal\u0131nmad\u0131\u011f\u0131 \u00f6\u011frenildi. Eskiden hayvanc\u0131l\u0131\u011f\u0131n yayg\u0131n olmas\u0131ndan dolay\u0131&#8230;<\/p>\n","protected":false},"author":1,"featured_media":31951,"comment_status":"open","ping_status":"open","sticky":false,"template":"","format":"standard","meta":{"_crdt_document":"","footnotes":""},"categories":[125],"tags":[],"class_list":["post-31950","post","type-post","status-publish","format-standard","has-post-thumbnail","hentry","category-ekonomi"],"_links":{"self":[{"href":"https:\/\/www.egemtv.com\/index.php?rest_route=\/wp\/v2\/posts\/31950","targetHints":{"allow":["GET"]}}],"collection":[{"href":"https:\/\/www.egemtv.com\/index.php?rest_route=\/wp\/v2\/posts"}],"about":[{"href":"https:\/\/www.egemtv.com\/index.php?rest_route=\/wp\/v2\/types\/post"}],"author":[{"embeddable":true,"href":"https:\/\/www.egemtv.com\/index.php?rest_route=\/wp\/v2\/users\/1"}],"replies":[{"embeddable":true,"href":"https:\/\/www.egemtv.com\/index.php?rest_route=%2Fwp%2Fv2%2Fcomments&post=31950"}],"version-history":[{"count":1,"href":"https:\/\/www.egemtv.com\/index.php?rest_route=\/wp\/v2\/posts\/31950\/revisions"}],"predecessor-version":[{"id":31952,"href":"https:\/\/www.egemtv.com\/index.php?rest_route=\/wp\/v2\/posts\/31950\/revisions\/31952"}],"wp:featuredmedia":[{"embeddable":true,"href":"https:\/\/www.egemtv.com\/index.php?rest_route=\/wp\/v2\/media\/31951"}],"wp:attachment":[{"href":"https:\/\/www.egemtv.com\/index.php?rest_route=%2Fwp%2Fv2%2Fmedia&parent=31950"}],"wp:term":[{"taxonomy":"category","embeddable":true,"href":"https:\/\/www.egemtv.com\/index.php?rest_route=%2Fwp%2Fv2%2Fcategories&post=31950"},{"taxonomy":"post_tag","embeddable":true,"href":"https:\/\/www.egemtv.com\/index.php?rest_route=%2Fwp%2Fv2%2Ftags&post=31950"}],"curies":[{"name":"wp","href":"https:\/\/api.w.org\/{rel}","templated":true}]}}