{"id":31947,"date":"2025-05-28T13:37:40","date_gmt":"2025-05-28T10:37:40","guid":{"rendered":"https:\/\/www.egemtv.com\/?p=31947"},"modified":"2025-05-28T13:37:47","modified_gmt":"2025-05-28T10:37:47","slug":"dpu-sosyoloji-ogrencileri-kutahyada-toplumun-nabzini-tuttu","status":"publish","type":"post","link":"https:\/\/www.egemtv.com\/?p=31947","title":{"rendered":"DP\u00dc Sosyoloji \u00f6\u011frencileri K\u00fctahya\u2019da toplumun nabz\u0131n\u0131 tuttu"},"content":{"rendered":"<p>K\u00fctahya Dumlup\u0131nar \u00dcniversitesi (DP\u00dc) Fen-Edebiyat Fak\u00fcltesi Sosyoloji B\u00f6l\u00fcm\u00fc \u00f6\u011frencileri, K\u00fctahya \u015fehir merkezi, \u00fcniversite kamp\u00fcs\u00fc ve merkeze ba\u011fl\u0131 Gelinkaya k\u00f6y\u00fcnde ger\u00e7ekle\u015ftirdikleri saha \u00e7al\u0131\u015fmalar\u0131yla toplumun g\u00fcncel dinamiklerini yerinde g\u00f6zlemledi. Topluma dair sorunlar\u0131 belirlemek ve \u00e7\u00f6z\u00fcm \u00f6nerileri geli\u015ftirmek amac\u0131yla yap\u0131lan bu ara\u015ft\u0131rmalar, \u00fcniversite ile toplum aras\u0131ndaki ba\u011flar\u0131 g\u00fc\u00e7lendiren \u00f6nemli bir \u00f6rnek olarak dikkat \u00e7ekti.<br \/>\n<br \/>Saha \u00e7al\u0131\u015fmalar\u0131, DP\u00dc Sosyoloji B\u00f6l\u00fcm\u00fc \u00f6\u011fretim \u00fcyesi Do\u00e7. Dr. Erkan \u00c7av koordinasyonunda y\u00fcr\u00fct\u00fcld\u00fc. \u0130ki d\u00f6nem boyunca devam eden Sosyal Bilimlerde Metot dersi kapsam\u0131nda planlanan ara\u015ft\u0131rmalara, 108 \u00f6\u011frenci ve g\u00f6n\u00fcll\u00fclerin de kat\u0131l\u0131m\u0131yla toplamda 120 \u00f6\u011frenci d\u00e2hil oldu. Ara\u015ft\u0131rmalar, 16 farkl\u0131 konuda ve 16 ayr\u0131 grup taraf\u0131ndan ger\u00e7ekle\u015ftirildi.<\/p>\n<p>Toplumun farkl\u0131 kesimlerine ula\u015f\u0131ld\u0131<br \/>\n<br \/>Ara\u015ft\u0131rmalarda K\u00fctahya halk\u0131n\u0131n sosyal medya ba\u011f\u0131ml\u0131l\u0131\u011f\u0131, ula\u015f\u0131m ve sa\u011fl\u0131k hizmetleri hakk\u0131ndaki g\u00f6r\u00fc\u015flerinden evlilik alg\u0131s\u0131na, kad\u0131nlar\u0131n \u00e7al\u0131\u015fma hayat\u0131ndaki deneyimlerinden k\u00f6y ya\u015fam\u0131na kadar pek \u00e7ok konu ele al\u0131nd\u0131. \u00d6zellikle gen\u00e7 ku\u015faklar\u0131n sosyal medya kullan\u0131m\u0131, yapay zek\u00e2ya dair d\u00fc\u015f\u00fcnceleri ve \u015fehirdeki ya\u015fam \u015fartlar\u0131 gibi \u00e7a\u011fda\u015f meseleler de \u00f6\u011frencilerin merce\u011fine al\u0131nd\u0131.<br \/>\n<br \/>\u00dcniversite yerle\u015fkesinde yap\u0131lan anketlerle, \u00f6\u011frencilerin K\u00fctahya\u2019da kalma isteklili\u011fi, e\u011fitim s\u00fcre\u00e7lerine dair memnuniyetleri, uluslararas\u0131 \u00f6\u011frencilerin deneyimleri ve k\u0131z yurtlar\u0131ndaki ya\u015fam \u015fartlar\u0131 gibi ba\u015fl\u0131klar da incelendi. Gelinkaya k\u00f6y\u00fcnde ger\u00e7ekle\u015ftirilen ara\u015ft\u0131rmalar ise k\u0131rsal ya\u015fam\u0131n g\u00fcn\u00fcm\u00fczdeki durumuna \u0131\u015f\u0131k tuttu.<\/p>\n<p>Etik kurul onayl\u0131, bilimsel temelli ara\u015ft\u0131rmalar<br \/>\n<br \/>\u00d6\u011frencilerin haz\u0131rlad\u0131\u011f\u0131 anket ve g\u00f6r\u00fc\u015fme sorular\u0131, DP\u00dc Etik Kurulu\u2019ndan onay ald\u0131. Ara\u015ft\u0131rmalarda kat\u0131l\u0131mc\u0131lar\u0131n \u00f6zel bilgileri al\u0131nmad\u0131; sadece ya\u015f, cinsiyet ve e\u011fitim bilgileri kat\u0131l\u0131mc\u0131lar\u0131n izniyle kaydedildi. \u00d6\u011frenciler, literat\u00fcr taramas\u0131, anket haz\u0131rl\u0131\u011f\u0131, veri toplama, analiz ve de\u011ferlendirme gibi bilimsel s\u00fcre\u00e7leri do\u011frudan deneyimleme f\u0131rsat\u0131 buldu.<\/p>\n<p>Do\u00e7. Dr. Erkan \u00c7av: &#8220;Toplumla birlikte \u00f6\u011frenme s\u00fcreci ya\u015fand\u0131&#8221;<br \/>\n<br \/>Saha \u00e7al\u0131\u015fmalar\u0131n\u0131 de\u011ferlendiren Do\u00e7. Dr. Erkan \u00c7av, \u00f6\u011frencilerin hem metodolojik beceriler kazand\u0131\u011f\u0131n\u0131 hem de toplumsal sorumluluk bilinciyle hareket etti\u011fini vurgulad\u0131. \u00c7av, \u015funlar\u0131 s\u00f6yledi: &#8220;\u00d6\u011frencilerimiz, toplumla birebir ileti\u015fim kurarak \u00e7ok katmanl\u0131 analiz yeteneklerini geli\u015ftirdiler. Toplumun kar\u015f\u0131 kar\u015f\u0131ya kald\u0131\u011f\u0131 sorunlara \u00e7\u00f6z\u00fcmler \u00fcretme yolunda \u00f6nemli bir mesafe kat ettiler. B\u00f6ylece hem bilimsel hem de toplumsal geli\u015fime katk\u0131 sundular.&#8221;<br \/>\n<br \/>\u00c7av ayr\u0131ca, ara\u015ft\u0131rmalara izin veren DP\u00dc Etik Kurulu, Rekt\u00f6rl\u00fck, K\u00fctahya Valili\u011fi, g\u00fcvenlik birimleri ve ara\u015ft\u0131rmaya kat\u0131l\u0131m g\u00f6steren t\u00fcm K\u00fctahyal\u0131lara te\u015fekk\u00fcr etti.<br \/>\n<br \/>Sosyoloji B\u00f6l\u00fcm\u00fc 2. s\u0131n\u0131f \u00f6\u011frencileri, ger\u00e7ekle\u015ftirdikleri bu ara\u015ft\u0131rmalarla akademik bilgilerini sahaya ta\u015f\u0131yarak mesleki tecr\u00fcbe edindiler. Bu \u00e7al\u0131\u015fmalarla yaln\u0131zca teorik bilgilerini prati\u011fe d\u00f6n\u00fc\u015ft\u00fcrmekle kalmad\u0131lar, ayn\u0131 zamanda toplumsal sorunlara \u00e7\u00f6z\u00fcm \u00fcretme konusunda donan\u0131ml\u0131 bireyler olarak yeti\u015fme yolunda \u00f6nemli bir ad\u0131m att\u0131lar.<br \/><\/p>\n","protected":false},"excerpt":{"rendered":"<p>K\u00fctahya Dumlup\u0131nar \u00dcniversitesi (DP\u00dc) Fen-Edebiyat Fak\u00fcltesi Sosyoloji B\u00f6l\u00fcm\u00fc \u00f6\u011frencileri, K\u00fctahya \u015fehir merkezi, \u00fcniversite kamp\u00fcs\u00fc ve merkeze ba\u011fl\u0131 Gelinkaya k\u00f6y\u00fcnde ger\u00e7ekle\u015ftirdikleri saha \u00e7al\u0131\u015fmalar\u0131yla toplumun g\u00fcncel dinamiklerini yerinde g\u00f6zlemledi. Topluma dair sorunlar\u0131 belirlemek ve \u00e7\u00f6z\u00fcm \u00f6nerileri geli\u015ftirmek amac\u0131yla yap\u0131lan bu ara\u015ft\u0131rmalar, \u00fcniversite ile toplum aras\u0131ndaki ba\u011flar\u0131 g\u00fc\u00e7lendiren \u00f6nemli bir \u00f6rnek olarak dikkat \u00e7ekti. Saha \u00e7al\u0131\u015fmalar\u0131, DP\u00dc Sosyoloji&#8230;<\/p>\n","protected":false},"author":1,"featured_media":31948,"comment_status":"open","ping_status":"open","sticky":false,"template":"","format":"standard","meta":{"_crdt_document":"","footnotes":""},"categories":[1],"tags":[],"class_list":["post-31947","post","type-post","status-publish","format-standard","has-post-thumbnail","hentry","category-guncel"],"_links":{"self":[{"href":"https:\/\/www.egemtv.com\/index.php?rest_route=\/wp\/v2\/posts\/31947","targetHints":{"allow":["GET"]}}],"collection":[{"href":"https:\/\/www.egemtv.com\/index.php?rest_route=\/wp\/v2\/posts"}],"about":[{"href":"https:\/\/www.egemtv.com\/index.php?rest_route=\/wp\/v2\/types\/post"}],"author":[{"embeddable":true,"href":"https:\/\/www.egemtv.com\/index.php?rest_route=\/wp\/v2\/users\/1"}],"replies":[{"embeddable":true,"href":"https:\/\/www.egemtv.com\/index.php?rest_route=%2Fwp%2Fv2%2Fcomments&post=31947"}],"version-history":[{"count":1,"href":"https:\/\/www.egemtv.com\/index.php?rest_route=\/wp\/v2\/posts\/31947\/revisions"}],"predecessor-version":[{"id":31949,"href":"https:\/\/www.egemtv.com\/index.php?rest_route=\/wp\/v2\/posts\/31947\/revisions\/31949"}],"wp:featuredmedia":[{"embeddable":true,"href":"https:\/\/www.egemtv.com\/index.php?rest_route=\/wp\/v2\/media\/31948"}],"wp:attachment":[{"href":"https:\/\/www.egemtv.com\/index.php?rest_route=%2Fwp%2Fv2%2Fmedia&parent=31947"}],"wp:term":[{"taxonomy":"category","embeddable":true,"href":"https:\/\/www.egemtv.com\/index.php?rest_route=%2Fwp%2Fv2%2Fcategories&post=31947"},{"taxonomy":"post_tag","embeddable":true,"href":"https:\/\/www.egemtv.com\/index.php?rest_route=%2Fwp%2Fv2%2Ftags&post=31947"}],"curies":[{"name":"wp","href":"https:\/\/api.w.org\/{rel}","templated":true}]}}