{"id":31944,"date":"2025-05-28T13:37:33","date_gmt":"2025-05-28T10:37:33","guid":{"rendered":"https:\/\/www.egemtv.com\/?p=31944"},"modified":"2025-05-28T13:37:40","modified_gmt":"2025-05-28T10:37:40","slug":"saphane-karamanca-koyunde-sergi-acilisi","status":"publish","type":"post","link":"https:\/\/www.egemtv.com\/?p=31944","title":{"rendered":"\u015eaphane Karamanca k\u00f6y\u00fcnde sergi a\u00e7\u0131l\u0131\u015f\u0131"},"content":{"rendered":"<p>K\u00fctahya\u2019n\u0131n \u015eaphane il\u00e7esi Karamanca k\u00f6y\u00fc ilkokulunda &#8220;Hayat Boyu \u00d6\u011frenme Haftas\u0131&#8221; \u00e7er\u00e7evesinde \u0130l\u00e7e Halk E\u011fitim Merkezi taraf\u0131ndan d\u00fczenlenen serginin a\u00e7\u0131l\u0131\u015f\u0131 ger\u00e7ekle\u015ftirildi.<br \/>\n<br \/>Sergide Halk E\u011fitim Merkezi b\u00fcnyesinde faaliyet g\u00f6steren kurslara kat\u0131lan kursiyerlerin haz\u0131rlad\u0131\u011f\u0131 el eme\u011fi \u00fcr\u00fcnler sergilendi. Kaymakam Muhammed Sefa \u00c7elik, sergideki stantlar\u0131 tek tek dola\u015farak usta \u00f6\u011freticilerden sergilenen \u00fcr\u00fcnler hakk\u0131nda bilgi ald\u0131, \u00e7al\u0131\u015fmalar\u0131ndan dolay\u0131 kursiyerleri ve e\u011fitimcileri tebrik etti.<br \/><\/p>\n","protected":false},"excerpt":{"rendered":"<p>K\u00fctahya\u2019n\u0131n \u015eaphane il\u00e7esi Karamanca k\u00f6y\u00fc ilkokulunda &#8220;Hayat Boyu \u00d6\u011frenme Haftas\u0131&#8221; \u00e7er\u00e7evesinde \u0130l\u00e7e Halk E\u011fitim Merkezi taraf\u0131ndan d\u00fczenlenen serginin a\u00e7\u0131l\u0131\u015f\u0131 ger\u00e7ekle\u015ftirildi. Sergide Halk E\u011fitim Merkezi b\u00fcnyesinde faaliyet g\u00f6steren kurslara kat\u0131lan kursiyerlerin haz\u0131rlad\u0131\u011f\u0131 el eme\u011fi \u00fcr\u00fcnler sergilendi. Kaymakam Muhammed Sefa \u00c7elik, sergideki stantlar\u0131 tek tek dola\u015farak usta \u00f6\u011freticilerden sergilenen \u00fcr\u00fcnler hakk\u0131nda bilgi ald\u0131, \u00e7al\u0131\u015fmalar\u0131ndan dolay\u0131 kursiyerleri ve&#8230;<\/p>\n","protected":false},"author":1,"featured_media":31945,"comment_status":"open","ping_status":"open","sticky":false,"template":"","format":"standard","meta":{"_crdt_document":"","footnotes":""},"categories":[1],"tags":[],"class_list":["post-31944","post","type-post","status-publish","format-standard","has-post-thumbnail","hentry","category-guncel"],"_links":{"self":[{"href":"https:\/\/www.egemtv.com\/index.php?rest_route=\/wp\/v2\/posts\/31944","targetHints":{"allow":["GET"]}}],"collection":[{"href":"https:\/\/www.egemtv.com\/index.php?rest_route=\/wp\/v2\/posts"}],"about":[{"href":"https:\/\/www.egemtv.com\/index.php?rest_route=\/wp\/v2\/types\/post"}],"author":[{"embeddable":true,"href":"https:\/\/www.egemtv.com\/index.php?rest_route=\/wp\/v2\/users\/1"}],"replies":[{"embeddable":true,"href":"https:\/\/www.egemtv.com\/index.php?rest_route=%2Fwp%2Fv2%2Fcomments&post=31944"}],"version-history":[{"count":1,"href":"https:\/\/www.egemtv.com\/index.php?rest_route=\/wp\/v2\/posts\/31944\/revisions"}],"predecessor-version":[{"id":31946,"href":"https:\/\/www.egemtv.com\/index.php?rest_route=\/wp\/v2\/posts\/31944\/revisions\/31946"}],"wp:featuredmedia":[{"embeddable":true,"href":"https:\/\/www.egemtv.com\/index.php?rest_route=\/wp\/v2\/media\/31945"}],"wp:attachment":[{"href":"https:\/\/www.egemtv.com\/index.php?rest_route=%2Fwp%2Fv2%2Fmedia&parent=31944"}],"wp:term":[{"taxonomy":"category","embeddable":true,"href":"https:\/\/www.egemtv.com\/index.php?rest_route=%2Fwp%2Fv2%2Fcategories&post=31944"},{"taxonomy":"post_tag","embeddable":true,"href":"https:\/\/www.egemtv.com\/index.php?rest_route=%2Fwp%2Fv2%2Ftags&post=31944"}],"curies":[{"name":"wp","href":"https:\/\/api.w.org\/{rel}","templated":true}]}}