{"id":31941,"date":"2025-05-28T13:16:40","date_gmt":"2025-05-28T10:16:40","guid":{"rendered":"https:\/\/www.egemtv.com\/?p=31941"},"modified":"2025-05-28T13:16:45","modified_gmt":"2025-05-28T10:16:45","slug":"seker-hastasi-muzaffer-amca-aglayarak-yardim-istedi","status":"publish","type":"post","link":"https:\/\/www.egemtv.com\/?p=31941","title":{"rendered":"\u015eeker hastas\u0131 Muzaffer Amca a\u011flayarak yard\u0131m istedi"},"content":{"rendered":"<p>\u0130zmir\u2019in Buca il\u00e7esinde ya\u015fayan ve \u015feker hastal\u0131\u011f\u0131ndan dolay\u0131 aya\u011f\u0131nda a\u00e7\u0131k yara olu\u015fan 68 ya\u015f\u0131ndaki Muzaffer Acar, tedavi i\u015flemlerinin h\u0131zland\u0131r\u0131lmas\u0131 ve ac\u0131lar\u0131n\u0131n bir an \u00f6nce dinmesi i\u00e7in a\u011flayarak yetkililerden yard\u0131m istedi.<br \/>\n<br \/>Buca\u2019n\u0131n Gediz Mahallesi\u2019nde \u00e7ocuklar\u0131n\u0131n yard\u0131m\u0131yla bir evde yaln\u0131z ya\u015fayan Muzaffer Acar\u2019\u0131n, \u015feker hastal\u0131\u011f\u0131ndan dolay\u0131 bir aya\u011f\u0131nda a\u00e7\u0131k yara olu\u015ftu. Giderek b\u00fcy\u00fcyen yarada kurtlanma olu\u015fan ya\u015fl\u0131 adam, tedavi g\u00f6rd\u00fc\u011f\u00fc hastanelerde pansuman yap\u0131larak evine g\u00f6nderildi. Yakla\u015f\u0131k 3 ayd\u0131r ac\u0131lar i\u00e7erisinde k\u0131vrand\u0131\u011f\u0131n\u0131 s\u00f6yleyen Acar, gerekirse aya\u011f\u0131n\u0131n da kesilmesi talebiyle ac\u0131lar\u0131n\u0131n dinmesini istiyor.<\/p>\n<p>&#8220;Her seferinde a\u011flayarak ac\u0131 \u00e7ekti\u011fini s\u00f6yl\u00fcyor&#8221;<br \/>\n<br \/>Aya\u011f\u0131ndaki yara y\u00fcz\u00fcnden ac\u0131 \u00e7eken Muzaffer Acar\u2019\u0131n k\u0131z\u0131 Mircan Nurduhan, babas\u0131n\u0131n bir an \u00f6nce ac\u0131lar\u0131ndan kurtulmas\u0131n\u0131 beklediklerini s\u00f6yledi. Nurduhan, &#8220;Babam \u015feker hastas\u0131, diyabetik olarak aya\u011f\u0131nda yaras\u0131 var. Aylard\u0131r hastanelere g\u00f6t\u00fcr\u00fcyoruz, getiriyoruz. En son b\u00fct\u00fcn tahliller yap\u0131ld\u0131, ayak kesilecek denildi ama bir hafta 10 g\u00fcn bekleyin dediler. Bug\u00fcn bir hafta oldu hala haber yok. Babam\u0131n durumu \u00e7ok acil ve bayramdan sonraya kal\u0131rsa diye endi\u015fe ediyoruz. Bu yara h\u0131zl\u0131 bir \u015fekilde ilerliyor. Bu adam ma\u011fdur. Biz yeti\u015femiyoruz ac\u0131lar \u00e7ekiyor. G\u00fcnd\u00fcz polikliniklerdeyiz, ak\u015fam acil servislerde. Buna bir \u00e7are istiyoruz. Ac\u0131 \u00e7ekiyor, tek ba\u015f\u0131na ya\u015f\u0131yor. Her seferinde ar\u0131yor, a\u011flayarak bizden yard\u0131m istiyor. Biz de evlad\u0131 olarak hep yan\u0131nday\u0131z ama \u00e7aresizlik bizi de y\u0131prat\u0131yor. Ona destek olmam\u0131z, ac\u0131s\u0131n\u0131 dindirmemiz laz\u0131m&#8221; dedi.<\/p>\n<p>&#8220;Ac\u0131s\u0131na dayanam\u0131yor&#8221;<br \/>\n<br \/>Muzaffer Acar\u2019\u0131n o\u011flu \u0130smail Acar ise, &#8220;Babam\u0131z 3 ayd\u0131r hasta yatalak. Ac\u0131s\u0131na dayanam\u0131yor. Buna bir \u00e7\u00f6z\u00fcm ar\u0131yoruz, bir \u00e7are bekliyoruz ac\u0131s\u0131n\u0131 dindirmek i\u00e7in&#8221; diye konu\u015ftu.<\/p>\n<p>&#8220;Ben ac\u0131lara dayanam\u0131yorum&#8221;<br \/>\n<br \/>Aya\u011f\u0131ndaki a\u00e7\u0131k yara y\u00fcz\u00fcnden s\u00fcrekli ac\u0131 \u00e7ekti\u011fini ve art\u0131k dayanamad\u0131\u011f\u0131n\u0131 s\u00f6yleyen Muzaffer Acar, g\u00f6zya\u015flar\u0131 i\u00e7erisinde \u00e7ekti\u011fi ac\u0131y\u0131 anlatt\u0131. Acar, &#8220;Vallahi 3 ay ge\u00e7ti. B\u00f6yle pansuman yap\u0131p g\u00f6nderiyorlar. Orada a\u00e7\u0131k yara var ve s\u00fcrekli kan\u0131yor, her yer kan oldu. Bana bir \u00e7are bulsunlar. Ben art\u0131k dayanam\u0131yorum&#8221; \u015feklinde konu\u015ftu.<br \/><\/p>\n","protected":false},"excerpt":{"rendered":"<p>\u0130zmir\u2019in Buca il\u00e7esinde ya\u015fayan ve \u015feker hastal\u0131\u011f\u0131ndan dolay\u0131 aya\u011f\u0131nda a\u00e7\u0131k yara olu\u015fan 68 ya\u015f\u0131ndaki Muzaffer Acar, tedavi i\u015flemlerinin h\u0131zland\u0131r\u0131lmas\u0131 ve ac\u0131lar\u0131n\u0131n bir an \u00f6nce dinmesi i\u00e7in a\u011flayarak yetkililerden yard\u0131m istedi. Buca\u2019n\u0131n Gediz Mahallesi\u2019nde \u00e7ocuklar\u0131n\u0131n yard\u0131m\u0131yla bir evde yaln\u0131z ya\u015fayan Muzaffer Acar\u2019\u0131n, \u015feker hastal\u0131\u011f\u0131ndan dolay\u0131 bir aya\u011f\u0131nda a\u00e7\u0131k yara olu\u015ftu. Giderek b\u00fcy\u00fcyen yarada kurtlanma olu\u015fan ya\u015fl\u0131&#8230;<\/p>\n","protected":false},"author":1,"featured_media":31942,"comment_status":"open","ping_status":"open","sticky":false,"template":"","format":"standard","meta":{"_crdt_document":"","footnotes":""},"categories":[123],"tags":[],"class_list":["post-31941","post","type-post","status-publish","format-standard","has-post-thumbnail","hentry","category-gundem"],"_links":{"self":[{"href":"https:\/\/www.egemtv.com\/index.php?rest_route=\/wp\/v2\/posts\/31941","targetHints":{"allow":["GET"]}}],"collection":[{"href":"https:\/\/www.egemtv.com\/index.php?rest_route=\/wp\/v2\/posts"}],"about":[{"href":"https:\/\/www.egemtv.com\/index.php?rest_route=\/wp\/v2\/types\/post"}],"author":[{"embeddable":true,"href":"https:\/\/www.egemtv.com\/index.php?rest_route=\/wp\/v2\/users\/1"}],"replies":[{"embeddable":true,"href":"https:\/\/www.egemtv.com\/index.php?rest_route=%2Fwp%2Fv2%2Fcomments&post=31941"}],"version-history":[{"count":1,"href":"https:\/\/www.egemtv.com\/index.php?rest_route=\/wp\/v2\/posts\/31941\/revisions"}],"predecessor-version":[{"id":31943,"href":"https:\/\/www.egemtv.com\/index.php?rest_route=\/wp\/v2\/posts\/31941\/revisions\/31943"}],"wp:featuredmedia":[{"embeddable":true,"href":"https:\/\/www.egemtv.com\/index.php?rest_route=\/wp\/v2\/media\/31942"}],"wp:attachment":[{"href":"https:\/\/www.egemtv.com\/index.php?rest_route=%2Fwp%2Fv2%2Fmedia&parent=31941"}],"wp:term":[{"taxonomy":"category","embeddable":true,"href":"https:\/\/www.egemtv.com\/index.php?rest_route=%2Fwp%2Fv2%2Fcategories&post=31941"},{"taxonomy":"post_tag","embeddable":true,"href":"https:\/\/www.egemtv.com\/index.php?rest_route=%2Fwp%2Fv2%2Ftags&post=31941"}],"curies":[{"name":"wp","href":"https:\/\/api.w.org\/{rel}","templated":true}]}}