{"id":31938,"date":"2025-05-28T13:16:35","date_gmt":"2025-05-28T10:16:35","guid":{"rendered":"https:\/\/www.egemtv.com\/?p=31938"},"modified":"2025-05-28T13:16:40","modified_gmt":"2025-05-28T10:16:40","slug":"aydinda-kurban-bayrami-oncesi-bicakcilarda-hareketlilik-basladi","status":"publish","type":"post","link":"https:\/\/www.egemtv.com\/?p=31938","title":{"rendered":"Ayd\u0131n\u2019da Kurban Bayram\u0131 \u00f6ncesi b\u0131\u00e7ak\u00e7\u0131larda hareketlilik ba\u015flad\u0131"},"content":{"rendered":"<p>Ayd\u0131n\u2019da Kurban Bayram\u0131\u2019na say\u0131l\u0131 g\u00fcnler kala b\u0131\u00e7ak\u00e7\u0131larda hareketlilik ya\u015fan\u0131rken, kurbana ac\u0131 \u00e7ektirmemek i\u00e7in kimi vatanda\u015f yeni b\u0131\u00e7ak almay\u0131 tercih ederken kimisi de biletmeyi tercih ediyor.<br \/>\n<br \/>Her y\u0131l oldu\u011fu gibi bu y\u0131l da Kurban Bayram\u0131 \u00f6ncesi \u00e7ar\u015f\u0131 ve pazarda hareketlilik ba\u015flad\u0131. Hareketlili\u011fin yo\u011fun olarak ya\u015fand\u0131\u011f\u0131 yerlerden biri de b\u0131\u00e7ak\u00e7\u0131lar oldu. Yakla\u015fan Kurban Bayram\u0131 ile birlikte Ayd\u0131n\u2019da baz\u0131 vatanda\u015flar, kurban kesimi i\u00e7in yeni b\u0131\u00e7ak almay\u0131 tercih ederken, baz\u0131lar\u0131 da eski b\u0131\u00e7aklar\u0131n\u0131 biletmeyi tercih ediyor. Eski b\u0131\u00e7aklar\u0131n\u0131 biletmek isteyen vatanda\u015flar bileycilerin yolunu tutarken b\u0131\u00e7ak bileme ustalar\u0131 da vatanda\u015flar\u0131n b\u0131\u00e7aklar\u0131n\u0131 yeti\u015ftirmek i\u00e7in yo\u011fun mesailerine ba\u015flad\u0131. Kurban Bayram\u0131 \u00f6ncesi i\u015fleri artan Ayd\u0131nl\u0131 b\u0131\u00e7ak ustalar\u0131, do\u011fru b\u0131\u00e7ak kullan\u0131m\u0131na dikkat \u00e7ekti. B\u0131\u00e7ak\u00e7\u0131lar, kurbanl\u0131k hayvanlara eziyet edilmemesi ve kurban kesiminde kaza ya\u015fanmas\u0131n\u0131n \u00f6n\u00fcne ge\u00e7ilmesi i\u00e7in kaliteli \u00e7elik ve keskin b\u0131\u00e7aklar\u0131n kullan\u0131lmas\u0131 gerekti\u011fini tavsiye etti.<br \/>\n<br \/>Yap\u0131lacak i\u015fleme g\u00f6re b\u0131\u00e7aklar\u0131n da farkl\u0131l\u0131k g\u00f6sterdi\u011fini kaydeden b\u0131\u00e7ak ustas\u0131 Arzu Karakaya, &#8220;Kurban Bayram\u0131 haz\u0131rl\u0131klar\u0131 ba\u015flad\u0131. Vatanda\u015flar da kurban haz\u0131rl\u0131klar\u0131n\u0131 tamamlamak i\u00e7in bize de b\u0131\u00e7aklar\u0131n\u0131 getirmeye ba\u015flad\u0131lar. Allah\u2019a \u015f\u00fck\u00fcr yo\u011funlu\u011fumuz ba\u015flad\u0131. \u015eu an memnunum i\u015fimizden. Yo\u011funluk var. Art\u0131k vatanda\u015flar biletmeye biraz daha y\u00f6neliyorlar \u00e7\u00fcnk\u00fc insanlar\u0131n ekonomik durumlar\u0131, yenisini alma durumlar\u0131 biraz daha d\u00fc\u015f\u00fck. Ama tabii kasaplar mecburen yenisini al\u0131yorlar. \u00c7\u00fcnk\u00fc onlar daha \u00e7ok kesim yap\u0131yorlar. B\u0131\u00e7akta en \u00f6nemli \u015fey hayvana ac\u0131 \u00e7ektirmemek. Hayvan\u0131n g\u00fcnah\u0131n\u0131 almamak gerekir. Bizim i\u00e7in en \u00f6nemli nokta odur. Vatanda\u015f\u0131m\u0131za ne istedi\u011fini sorar\u0131z \u00f6nce. Nerede kullanaca\u011f\u0131na g\u00f6re veriyoruz b\u0131\u00e7aklar\u0131. Kesim i\u00e7in ayr\u0131 do\u011frama i\u00e7in ayr\u0131 s\u0131y\u0131rma i\u00e7in ayr\u0131 b\u0131\u00e7ak veriyoruz. Tabii bunun da kalitesi \u00f6nemli. Vatanda\u015f\u0131n cebine uygun b\u0131\u00e7aklar\u0131m\u0131z var ama kasaplar\u0131m\u0131z genelde kaliteli b\u0131\u00e7aklar\u0131 tercih ediyor. B\u0131\u00e7aklar\u0131m\u0131z\u0131n fiyatlar\u0131 50 TL\u2019den ba\u015fl\u0131yor, 2 bin TL\u2019ye kadar \u00e7\u0131k\u0131yor. Sat\u0131rlar\u0131m\u0131z da 250 TL\u2019den ba\u015fl\u0131yor, bin TL\u2019ye kadar \u00e7\u0131k\u0131yor. Bilemeleri ise bu y\u0131l 35 lira b\u0131\u00e7ak, 70 lira da sat\u0131r, tara, orak veya balta olarak yap\u0131yoruz&#8221; dedi.<\/p>\n<p>&#8220;B\u0131\u00e7a\u011f\u0131n kesmezse hayvana ac\u0131 \u00e7ektirir&#8221;<br \/>\n<br \/>Kurban Bayram\u0131 \u00f6ncesinde b\u0131\u00e7aklar\u0131n\u0131 bilemeye getiren Mehmet Avc\u0131, &#8220;Kurban yakla\u015ft\u0131, b\u0131\u00e7aklar\u0131m\u0131z\u0131 biletmeye getirdik. Art\u0131k zaman da az kald\u0131. \u00c7\u00fcnk\u00fc tam arife g\u00fcn\u00fcne denk getirirsek \u00e7ok s\u0131k\u0131\u015f\u0131r\u0131z. \u00d6nemli olan b\u0131\u00e7a\u011f\u0131n keskin olmas\u0131. B\u0131\u00e7ak keskin olmazsa zaten bir i\u015f \u00e7\u0131karamazs\u0131n. Kurbanda \u00f6nemli olan b\u0131\u00e7a\u011f\u0131 \u00e7alarken, b\u0131\u00e7a\u011f\u0131n keskin olmas\u0131. Bu \u00e7ok \u00f6nemli. \u00c7\u00fcnk\u00fc hayvana ac\u0131 \u00e7ektirmemek gerekiyor. Keskin olmal\u0131 ki bir kerede kesim olmal\u0131. Kesmezse hayvana ac\u0131 \u00e7ektirirsin. Biz de bu y\u00fczde bayrama haz\u0131rlan\u0131yoruz&#8221; \u015feklinde konu\u015ftu. Bayram haz\u0131rl\u0131klar\u0131 kapsam\u0131nda b\u0131\u00e7aklar\u0131n\u0131 da haz\u0131r etmek i\u00e7in bilemeye getirdiklerini ifade eden Hamza Ba\u011fr\u0131a\u00e7\u0131k ise, &#8220;Kurban geldi, b\u0131\u00e7aklar\u0131m\u0131z\u0131 biletiyoruz Hakk\u0131 ustada. Yani kurban haz\u0131rl\u0131\u011f\u0131m\u0131z\u0131 yap\u0131yoruz. Her y\u0131l buraya geliyorum. \u015eu anda bayrama haz\u0131r\u0131z. Son haz\u0131rl\u0131klar\u0131m\u0131z\u0131 yap\u0131yoruz. Yani bitirdik say\u0131l\u0131r&#8221; dedi.<br \/><\/p>\n","protected":false},"excerpt":{"rendered":"<p>Ayd\u0131n\u2019da Kurban Bayram\u0131\u2019na say\u0131l\u0131 g\u00fcnler kala b\u0131\u00e7ak\u00e7\u0131larda hareketlilik ya\u015fan\u0131rken, kurbana ac\u0131 \u00e7ektirmemek i\u00e7in kimi vatanda\u015f yeni b\u0131\u00e7ak almay\u0131 tercih ederken kimisi de biletmeyi tercih ediyor. Her y\u0131l oldu\u011fu gibi bu y\u0131l da Kurban Bayram\u0131 \u00f6ncesi \u00e7ar\u015f\u0131 ve pazarda hareketlilik ba\u015flad\u0131. Hareketlili\u011fin yo\u011fun olarak ya\u015fand\u0131\u011f\u0131 yerlerden biri de b\u0131\u00e7ak\u00e7\u0131lar oldu. Yakla\u015fan Kurban Bayram\u0131 ile birlikte Ayd\u0131n\u2019da&#8230;<\/p>\n","protected":false},"author":1,"featured_media":31939,"comment_status":"open","ping_status":"open","sticky":false,"template":"","format":"standard","meta":{"_crdt_document":"","footnotes":""},"categories":[1],"tags":[],"class_list":["post-31938","post","type-post","status-publish","format-standard","has-post-thumbnail","hentry","category-guncel"],"_links":{"self":[{"href":"https:\/\/www.egemtv.com\/index.php?rest_route=\/wp\/v2\/posts\/31938","targetHints":{"allow":["GET"]}}],"collection":[{"href":"https:\/\/www.egemtv.com\/index.php?rest_route=\/wp\/v2\/posts"}],"about":[{"href":"https:\/\/www.egemtv.com\/index.php?rest_route=\/wp\/v2\/types\/post"}],"author":[{"embeddable":true,"href":"https:\/\/www.egemtv.com\/index.php?rest_route=\/wp\/v2\/users\/1"}],"replies":[{"embeddable":true,"href":"https:\/\/www.egemtv.com\/index.php?rest_route=%2Fwp%2Fv2%2Fcomments&post=31938"}],"version-history":[{"count":1,"href":"https:\/\/www.egemtv.com\/index.php?rest_route=\/wp\/v2\/posts\/31938\/revisions"}],"predecessor-version":[{"id":31940,"href":"https:\/\/www.egemtv.com\/index.php?rest_route=\/wp\/v2\/posts\/31938\/revisions\/31940"}],"wp:featuredmedia":[{"embeddable":true,"href":"https:\/\/www.egemtv.com\/index.php?rest_route=\/wp\/v2\/media\/31939"}],"wp:attachment":[{"href":"https:\/\/www.egemtv.com\/index.php?rest_route=%2Fwp%2Fv2%2Fmedia&parent=31938"}],"wp:term":[{"taxonomy":"category","embeddable":true,"href":"https:\/\/www.egemtv.com\/index.php?rest_route=%2Fwp%2Fv2%2Fcategories&post=31938"},{"taxonomy":"post_tag","embeddable":true,"href":"https:\/\/www.egemtv.com\/index.php?rest_route=%2Fwp%2Fv2%2Ftags&post=31938"}],"curies":[{"name":"wp","href":"https:\/\/api.w.org\/{rel}","templated":true}]}}