{"id":31935,"date":"2025-05-28T12:57:44","date_gmt":"2025-05-28T09:57:44","guid":{"rendered":"https:\/\/www.egemtv.com\/?p=31935"},"modified":"2025-05-28T12:57:49","modified_gmt":"2025-05-28T09:57:49","slug":"aydinli-kursiyerler-el-emegi-urunlerini-gorucuye-cikartti","status":"publish","type":"post","link":"https:\/\/www.egemtv.com\/?p=31935","title":{"rendered":"Ayd\u0131nl\u0131 kursiyerler, el eme\u011fi \u00fcr\u00fcnlerini g\u00f6r\u00fcc\u00fcye \u00e7\u0131kartt\u0131"},"content":{"rendered":"<p>Ayd\u0131n\u2019da Hayat Boyu \u00d6\u011frenme Haftas\u0131, d\u00fczenlenen a\u00e7\u0131l\u0131\u015f t\u00f6reni ile ba\u015flarken, halk e\u011fitimi merkezlerindeki kursiyerler de el eme\u011fi \u00fcr\u00fcnlerini g\u00f6r\u00fcc\u00fcye \u00e7\u0131kartt\u0131.<\/p>\n<p>\u00dclke genelinde oldu\u011fu gibi Hayat Boyu \u00d6\u011frenme Haftas\u0131 \u00e7er\u00e7evesinde ger\u00e7ekle\u015ftirilen etkinlikler d\u00fczenlenen a\u00e7\u0131l\u0131\u015f t\u00f6reni ile Ayd\u0131n\u2019da da ba\u015flad\u0131.<\/p>\n<p>Ayd\u0131n Valisi Yakup Canbolat\u2019\u0131n kat\u0131l\u0131m\u0131yla ger\u00e7ekle\u015ftirilen Hayat Boyu \u00d6\u011frenme \u015eenli\u011fi\u2019nde, il genelindeki Halk E\u011fitim Merkezleri\u2019nde e\u011fitim alan kursiyerler el eme\u011fi \u00fcr\u00fcnlerini sergiledi. Efeler il\u00e7esi Gen\u00e7lik Caddesi \u00fczerinde 17 il\u00e7eden 27 adet stant\u0131n yer ald\u0131\u011f\u0131 \u015fenlik, sayg\u0131 duru\u015fu ve \u0130stiklal Mar\u015f\u0131\u2019n\u0131n okunmas\u0131n\u0131n ard\u0131ndan ba\u015flad\u0131. Efeler Halk E\u011fitimi Merkezi Halk Oyunlar\u0131 ekibinin g\u00f6sterisi ise vatanda\u015flar taraf\u0131ndan ayakta alk\u0131\u015fland\u0131.<\/p>\n<p>\u015eenli\u011fin a\u00e7\u0131l\u0131\u015f konu\u015fmas\u0131n\u0131 ger\u00e7ekle\u015ftiren Ayd\u0131n \u0130l Milli E\u011fitim M\u00fcd\u00fcr\u00fc S\u00fcleyman Ekici, Ayd\u0131n genelinde vatanda\u015flara y\u00f6nelik kurslar\u0131n aral\u0131ks\u0131z devam etti\u011fini vurgularken &#8220;Bug\u00fcn 17 il\u00e7emizde bulunan Halk E\u011fitimi Merkezlerimizden geri d\u00f6n\u00fc\u015f\u00fcm ve s\u0131f\u0131r at\u0131k temas\u0131 ba\u015fta olmak \u00fczere giyim, tekstil, el sanatlar\u0131, ah\u015fap, yiyecek alanlar\u0131nda kursiyerlerimizin dan\u0131\u015fman \u00f6\u011fretmen e\u015fli\u011finde haz\u0131rlam\u0131\u015f olduklar\u0131 \u00fcr\u00fcnleri farkl\u0131 stantlarda izleme f\u0131rsat\u0131 bulaca\u011f\u0131z. Eyl\u00fcl 2024\u2019ten bu tarihe gelinceye kadar 2 bin 736 kursta 56 bin kursiyerimize ula\u015ft\u0131k. Cumhurba\u015fkan\u0131m\u0131z taraf\u0131ndan bu y\u0131l Aile Y\u0131l\u0131 ilan edilmi\u015f idi. Bu kapsamda da 65 aile e\u011fitimi kursu a\u00e7t\u0131k. Bin 95 ailemize de bu hizmeti verdik. Ben bu \u00e7er\u00e7evede ilimizde Valimizin himayelerinde ger\u00e7ekle\u015ftirdi\u011fimiz e\u011fitim \u00f6\u011fretim hizmetlerini ve yayg\u0131n e\u011fitim hizmetlerinde g\u00f6rev alan t\u00fcm il\u00e7e m\u00fcd\u00fcrlerimize, halk e\u011fitim m\u00fcd\u00fcrlerimize, de\u011ferli kursiyerlerimize, usta \u00f6\u011freticilerimize can\u0131 g\u00f6n\u00fclden te\u015fekk\u00fcr ediyorum&#8221; dedi.<\/p>\n<p>Konu\u015fmalar\u0131n ard\u0131ndan \u015fenli\u011fin a\u00e7\u0131l\u0131\u015f kurdelesini kesen Ayd\u0131n Valisi Yakup Canbolat, stantlar\u0131 gezerek kursiyerlerden bilgi ald\u0131.<br \/><\/p>\n","protected":false},"excerpt":{"rendered":"<p>Ayd\u0131n\u2019da Hayat Boyu \u00d6\u011frenme Haftas\u0131, d\u00fczenlenen a\u00e7\u0131l\u0131\u015f t\u00f6reni ile ba\u015flarken, halk e\u011fitimi merkezlerindeki kursiyerler de el eme\u011fi \u00fcr\u00fcnlerini g\u00f6r\u00fcc\u00fcye \u00e7\u0131kartt\u0131. \u00dclke genelinde oldu\u011fu gibi Hayat Boyu \u00d6\u011frenme Haftas\u0131 \u00e7er\u00e7evesinde ger\u00e7ekle\u015ftirilen etkinlikler d\u00fczenlenen a\u00e7\u0131l\u0131\u015f t\u00f6reni ile Ayd\u0131n\u2019da da ba\u015flad\u0131. Ayd\u0131n Valisi Yakup Canbolat\u2019\u0131n kat\u0131l\u0131m\u0131yla ger\u00e7ekle\u015ftirilen Hayat Boyu \u00d6\u011frenme \u015eenli\u011fi\u2019nde, il genelindeki Halk E\u011fitim Merkezleri\u2019nde e\u011fitim alan&#8230;<\/p>\n","protected":false},"author":1,"featured_media":31936,"comment_status":"open","ping_status":"open","sticky":false,"template":"","format":"standard","meta":{"_crdt_document":"","footnotes":""},"categories":[1],"tags":[],"class_list":["post-31935","post","type-post","status-publish","format-standard","has-post-thumbnail","hentry","category-guncel"],"_links":{"self":[{"href":"https:\/\/www.egemtv.com\/index.php?rest_route=\/wp\/v2\/posts\/31935","targetHints":{"allow":["GET"]}}],"collection":[{"href":"https:\/\/www.egemtv.com\/index.php?rest_route=\/wp\/v2\/posts"}],"about":[{"href":"https:\/\/www.egemtv.com\/index.php?rest_route=\/wp\/v2\/types\/post"}],"author":[{"embeddable":true,"href":"https:\/\/www.egemtv.com\/index.php?rest_route=\/wp\/v2\/users\/1"}],"replies":[{"embeddable":true,"href":"https:\/\/www.egemtv.com\/index.php?rest_route=%2Fwp%2Fv2%2Fcomments&post=31935"}],"version-history":[{"count":1,"href":"https:\/\/www.egemtv.com\/index.php?rest_route=\/wp\/v2\/posts\/31935\/revisions"}],"predecessor-version":[{"id":31937,"href":"https:\/\/www.egemtv.com\/index.php?rest_route=\/wp\/v2\/posts\/31935\/revisions\/31937"}],"wp:featuredmedia":[{"embeddable":true,"href":"https:\/\/www.egemtv.com\/index.php?rest_route=\/wp\/v2\/media\/31936"}],"wp:attachment":[{"href":"https:\/\/www.egemtv.com\/index.php?rest_route=%2Fwp%2Fv2%2Fmedia&parent=31935"}],"wp:term":[{"taxonomy":"category","embeddable":true,"href":"https:\/\/www.egemtv.com\/index.php?rest_route=%2Fwp%2Fv2%2Fcategories&post=31935"},{"taxonomy":"post_tag","embeddable":true,"href":"https:\/\/www.egemtv.com\/index.php?rest_route=%2Fwp%2Fv2%2Ftags&post=31935"}],"curies":[{"name":"wp","href":"https:\/\/api.w.org\/{rel}","templated":true}]}}