{"id":31932,"date":"2025-05-28T12:57:41","date_gmt":"2025-05-28T09:57:41","guid":{"rendered":"https:\/\/www.egemtv.com\/?p=31932"},"modified":"2025-05-28T12:57:44","modified_gmt":"2025-05-28T09:57:44","slug":"salkim-guvesine-karsi-ilaclama-uyarisi","status":"publish","type":"post","link":"https:\/\/www.egemtv.com\/?p=31932","title":{"rendered":"Salk\u0131m g\u00fcvesine kar\u015f\u0131 ila\u00e7lama uyar\u0131s\u0131"},"content":{"rendered":"<p>Manisa\u2019n\u0131n Sar\u0131g\u00f6l \u0130l\u00e7e Tar\u0131m ve Orman M\u00fcd\u00fcrl\u00fc\u011f\u00fc, \u00fcz\u00fcm \u00fcreticilerini salk\u0131m g\u00fcvesinin 2\u2019nci nesline kar\u015f\u0131 ila\u00e7lama yapmalar\u0131 konusunda uyard\u0131. Yap\u0131lan a\u00e7\u0131klamada, \u00fcreticilerin 29, 30 ve 31 May\u0131s tarihlerinde ruhsatl\u0131, yumurta etkili tar\u0131m ila\u00e7lar\u0131n\u0131 kullanmalar\u0131 gerekti\u011fi bildirildi.<br \/>\n<br \/>Sar\u0131g\u00f6l \u0130l\u00e7e Tar\u0131m ve Orman M\u00fcd\u00fcrl\u00fc\u011f\u00fc teknik ekipleri taraf\u0131ndan ba\u011flarda yap\u0131lan incelemelerde, 2\u2019nci nesil salk\u0131m g\u00fcvesi larvalar\u0131na rastland\u0131\u011f\u0131n\u0131 belirten \u0130l\u00e7e Tar\u0131m ve Orman M\u00fcd\u00fcr\u00fc Ahmet Akar, &#8220;Sar\u0131g\u00f6l Ovas\u0131\u2019ndaki \u00fcz\u00fcm ba\u011flar\u0131m\u0131zda yap\u0131lan kontrollerde, salk\u0131m g\u00fcvesinin ikinci nesil larvalar\u0131 tespit edilmi\u015ftir. \u00dcreticilerimizin 29, 30 ve 31 May\u0131s tarihlerinde, yumurta etkili ruhsatl\u0131 zirai ila\u00e7lar kullanarak ba\u011flar\u0131nda ila\u00e7lama yapmalar\u0131 gerekmektedir.&#8221; dedi.<br \/>\n<br \/>Akar, salk\u0131m g\u00fcvesi ile m\u00fccadelenin verimli bir hasat i\u00e7in b\u00fcy\u00fck \u00f6nem ta\u015f\u0131d\u0131\u011f\u0131na dikkat \u00e7ekerek, \u00fcreticilerin uyar\u0131lara titizlikle uymalar\u0131n\u0131 istedi.<br \/><\/p>\n","protected":false},"excerpt":{"rendered":"<p>Manisa\u2019n\u0131n Sar\u0131g\u00f6l \u0130l\u00e7e Tar\u0131m ve Orman M\u00fcd\u00fcrl\u00fc\u011f\u00fc, \u00fcz\u00fcm \u00fcreticilerini salk\u0131m g\u00fcvesinin 2\u2019nci nesline kar\u015f\u0131 ila\u00e7lama yapmalar\u0131 konusunda uyard\u0131. Yap\u0131lan a\u00e7\u0131klamada, \u00fcreticilerin 29, 30 ve 31 May\u0131s tarihlerinde ruhsatl\u0131, yumurta etkili tar\u0131m ila\u00e7lar\u0131n\u0131 kullanmalar\u0131 gerekti\u011fi bildirildi. Sar\u0131g\u00f6l \u0130l\u00e7e Tar\u0131m ve Orman M\u00fcd\u00fcrl\u00fc\u011f\u00fc teknik ekipleri taraf\u0131ndan ba\u011flarda yap\u0131lan incelemelerde, 2\u2019nci nesil salk\u0131m g\u00fcvesi larvalar\u0131na rastland\u0131\u011f\u0131n\u0131 belirten \u0130l\u00e7e&#8230;<\/p>\n","protected":false},"author":1,"featured_media":31933,"comment_status":"open","ping_status":"open","sticky":false,"template":"","format":"standard","meta":{"_crdt_document":"","footnotes":""},"categories":[125],"tags":[],"class_list":["post-31932","post","type-post","status-publish","format-standard","has-post-thumbnail","hentry","category-ekonomi"],"_links":{"self":[{"href":"https:\/\/www.egemtv.com\/index.php?rest_route=\/wp\/v2\/posts\/31932","targetHints":{"allow":["GET"]}}],"collection":[{"href":"https:\/\/www.egemtv.com\/index.php?rest_route=\/wp\/v2\/posts"}],"about":[{"href":"https:\/\/www.egemtv.com\/index.php?rest_route=\/wp\/v2\/types\/post"}],"author":[{"embeddable":true,"href":"https:\/\/www.egemtv.com\/index.php?rest_route=\/wp\/v2\/users\/1"}],"replies":[{"embeddable":true,"href":"https:\/\/www.egemtv.com\/index.php?rest_route=%2Fwp%2Fv2%2Fcomments&post=31932"}],"version-history":[{"count":1,"href":"https:\/\/www.egemtv.com\/index.php?rest_route=\/wp\/v2\/posts\/31932\/revisions"}],"predecessor-version":[{"id":31934,"href":"https:\/\/www.egemtv.com\/index.php?rest_route=\/wp\/v2\/posts\/31932\/revisions\/31934"}],"wp:featuredmedia":[{"embeddable":true,"href":"https:\/\/www.egemtv.com\/index.php?rest_route=\/wp\/v2\/media\/31933"}],"wp:attachment":[{"href":"https:\/\/www.egemtv.com\/index.php?rest_route=%2Fwp%2Fv2%2Fmedia&parent=31932"}],"wp:term":[{"taxonomy":"category","embeddable":true,"href":"https:\/\/www.egemtv.com\/index.php?rest_route=%2Fwp%2Fv2%2Fcategories&post=31932"},{"taxonomy":"post_tag","embeddable":true,"href":"https:\/\/www.egemtv.com\/index.php?rest_route=%2Fwp%2Fv2%2Ftags&post=31932"}],"curies":[{"name":"wp","href":"https:\/\/api.w.org\/{rel}","templated":true}]}}