{"id":31929,"date":"2025-05-28T12:57:35","date_gmt":"2025-05-28T09:57:35","guid":{"rendered":"https:\/\/www.egemtv.com\/?p=31929"},"modified":"2025-05-28T12:57:41","modified_gmt":"2025-05-28T09:57:41","slug":"pizzacidaki-cinayetin-sanigina-ceza-yagdi","status":"publish","type":"post","link":"https:\/\/www.egemtv.com\/?p=31929","title":{"rendered":"Pizzac\u0131daki cinayetin san\u0131\u011f\u0131na ceza ya\u011fd\u0131"},"content":{"rendered":"<p>Manisa\u2019n\u0131n Yunusemre il\u00e7esinde pizzac\u0131da 1 kad\u0131n\u0131n \u00f6ld\u00fcr\u00fcld\u00fc\u011f\u00fc, 1 kad\u0131n\u0131n ise a\u011f\u0131r yaraland\u0131\u011f\u0131 olay\u0131n zanl\u0131s\u0131 Ferhat Kuru, 4\u2019\u00fcnc\u00fc kez \u00e7\u0131kt\u0131\u011f\u0131 mahkemede Sultan Zencirci\u2019yi kasten ve tasarlayarak \u00f6ld\u00fcrmekten a\u011f\u0131rla\u015ft\u0131r\u0131lm\u0131\u015f m\u00fcebbet ve G\u00fcl Demir\u2019i \u00f6ld\u00fcrmeye te\u015febb\u00fcs etme su\u00e7undan 18 y\u0131l hapis cezas\u0131na \u00e7arpt\u0131r\u0131l\u0131rken, san\u0131\u011fa indirim uygulanmad\u0131.<br \/>\n<br \/>Manisa\u2019n\u0131n Yunusemre il\u00e7esine ba\u011fl\u0131 Muradiye Mahallesi\u2019nde motokurye olarak \u00e7al\u0131\u015ft\u0131\u011f\u0131 pizzac\u0131daki Sultan Zencirci\u2019yi \u00f6ld\u00fcren ve ayn\u0131 i\u015f yerindeki G\u00fcl Demir\u2019i a\u011f\u0131r yaralayan Ferhat Kuru, Manisa 3\u2019\u00fcnc\u00fc A\u011f\u0131r Ceza Mahkemesi\u2019nde hakim kar\u015f\u0131s\u0131na \u00e7\u0131kt\u0131. \u2019Kad\u0131na kar\u015f\u0131 tasarlayarak kasten \u00f6ld\u00fcrme\u2019, \u2019Kad\u0131na kar\u015f\u0131 kasten \u00f6ld\u00fcrmeye te\u015febb\u00fcs\u2019 ve \u2019Ruhsats\u0131z silah temin etme ve bulundurma\u2019 su\u00e7lar\u0131ndan a\u011f\u0131rla\u015ft\u0131r\u0131lm\u0131\u015f m\u00fcebbet hapis cezas\u0131 istemiyle yarg\u0131lanan zanl\u0131 i\u00e7in \u0130stanbul Adli T\u0131p Kurumundan daha \u00f6nce istenen ak\u0131l sa\u011fl\u0131\u011f\u0131n\u0131n yerinde olup olmad\u0131\u011f\u0131 y\u00f6n\u00fcndeki rapor mahkemeye ula\u015ft\u0131. Raporda ak\u0131l sa\u011fl\u0131\u011f\u0131n\u0131n yerinde oldu\u011fu belirlenirken savc\u0131l\u0131k makam\u0131 m\u00fctalaas\u0131n\u0131 a\u00e7\u0131klad\u0131.<\/p>\n<p>&#8220;Sanki evde oturdu\u011fum yerden bu katliama karar vermi\u015fim gibi yarg\u0131land\u0131m&#8221;<br \/>\n<br \/>M\u00fctalaan\u0131n ard\u0131ndan mahkeme ba\u015fkan\u0131 san\u0131k Ferhat Kuru\u2019ya son s\u00f6zlerini sordu. Kuru yapt\u0131\u011f\u0131 savunmas\u0131nda &#8220;Sanki ben bu katliam\u0131 evde oturdu\u011fum yerde durup dururken karar vermi\u015fim gibi yarg\u0131land\u0131m. O d\u00f6nem psikolojim bozuktu. Yapt\u0131klar\u0131mdan pi\u015fman\u0131m&#8221; dedi. San\u0131k Ferhat Kuru son savunmas\u0131n\u0131 yapt\u0131\u011f\u0131 s\u0131rada olaydan a\u011f\u0131r yaral\u0131 olarak kurtulan G\u00fcl Demir sinirlerine hakim olamayarak \u00f6nce masaya vurdu ard\u0131ndan &#8220;Yeter&#8221; diye ba\u011f\u0131rd\u0131. San\u0131k Kuru\u2019ya ba\u011f\u0131rmaya devam eden G\u00fcl Demir mahkeme ba\u015fkan\u0131 taraf\u0131ndan salondan d\u0131\u015far\u0131 \u00e7\u0131kar\u0131ld\u0131.<\/p>\n<p>Mahkeme heyeti indirim uygulamad\u0131<br \/>\n<br \/>Pizzac\u0131daki cinayette Ferhat Kuru, Sultan Zencirci\u2019yi \u00f6ld\u00fcrmekten \u2018A\u011f\u0131rla\u015ft\u0131r\u0131lm\u0131\u015f m\u00fcebbet hapis cezas\u0131, G\u00fcl Demir\u2019i \u00f6ld\u00fcrmeye te\u015febb\u00fcsten 18 y\u0131l hapis cezas\u0131na \u00e7arpt\u0131r\u0131l\u0131rken, san\u0131\u011fa hi\u00e7 bir indirim uygulanmad\u0131.<br \/>\n<br \/>Duru\u015fmada Kad\u0131n Cinayetlerinin Durduraca\u011f\u0131z Platformu Manisa Temsilcisi Semiha Hasg\u00f6r de kat\u0131larak destek verdi.<\/p>\n<p>&#8220;San\u0131k zihniyetine g\u00f6re m\u00fcteveffan\u0131n u\u011frad\u0131\u011f\u0131 tacizi dile getirmesi \u00f6ld\u00fcr\u00fclmesi i\u00e7in yeterli g\u00f6r\u00fclmektedir&#8221;<br \/>\n<br \/>Mahkemenin ard\u0131ndan a\u00e7\u0131klamalarda bulunan Sultan Zencirci\u2019nin avukat\u0131 Zehra Oyit, &#8220;Bug\u00fcn burada olma sebebimiz Sultan Zencirci ve dosyan\u0131n di\u011fer ma\u011fduru G\u00fcl Demir\u2019e y\u00f6nelik meydana gelen tasarlayarak kasten \u00f6ld\u00fcrme ve \u00f6ld\u00fcrmeye te\u015febb\u00fcs olay\u0131n\u0131n meydana gelmi\u015ftir. Sultan Zencirci ve G\u00fcl Demir\u2019in kendisini red etmesinden kaynakl\u0131 olarak bunu i\u00e7ine sindirememi\u015f birini \u00f6ld\u00fcrm\u00fc\u015f di\u011ferini \u00f6ld\u00fcrmeye te\u015febb\u00fcs etmi\u015ftir. M\u00fcteveffa san\u0131k taraf\u0131ndan rahats\u0131z edildi\u011fini dile getirdi\u011fi i\u00e7in \u00f6ld\u00fcr\u00fclm\u00fc\u015ft\u00fcr. Bu cinayet magazin haberi gibi lanse edilmeye \u00e7al\u0131\u015f\u0131lm\u0131\u015f \u015fiddet me\u015fru bir zemine oturtulmaya \u00e7al\u0131\u015f\u0131lm\u0131\u015ft\u0131r. Maalesef bu olaydan anlayabilece\u011fimiz \u00fczere \u00fclkemizde kad\u0131n\u0131n hayat\u0131 erke\u011fin reddedilmesi kadar anlam ve \u00f6nem ta\u015f\u0131mamaktad\u0131r. Kad\u0131nlar hala hayatlar\u0131n\u0131n her alan\u0131nda \u015fiddete maruz kal\u0131yor. \u00d6l\u00fcm ve \u015fiddet gerek\u00e7eleri farkl\u0131 g\u00f6r\u00fclmekle beraber kad\u0131nlar\u0131n pek \u00e7o\u011fu sadece kad\u0131n olduklar\u0131 i\u00e7in ve kendilerine tan\u0131nan cinsiyet rollerinin d\u0131\u015f\u0131na \u00e7\u0131kt\u0131klar\u0131 i\u00e7in \u015fiddete maruz kal\u0131yor ve \u00f6ld\u00fcr\u00fcl\u00fcyor. San\u0131\u011f\u0131n eylemleri ve s\u00f6ylemlerinden anlad\u0131\u011f\u0131m\u0131z kadar\u0131yla san\u0131k zihniyetine g\u00f6re m\u00fcteveffan\u0131n u\u011frad\u0131\u011f\u0131 tacizi dile getirmesi \u00f6ld\u00fcr\u00fclmesi i\u00e7in yeterli g\u00f6r\u00fclmektedir. Kad\u0131n\u0131n maruz kald\u0131\u011f\u0131 \u015fiddeti nas\u0131l hak etti\u011finin anlatmak \u00fczere kurulmu\u015f olan e\u015fitsiz ve adaletsiz sistemin varl\u0131\u011f\u0131n\u0131 s\u00fcrd\u00fcrd\u00fc\u011f\u00fc ve gerekli \u00f6nlemler al\u0131nmad\u0131\u011f\u0131 s\u00fcrece kad\u0131na y\u00f6nelik \u015fiddet son bulmayacakt\u0131r&#8221; dedi.<br \/>\n<br \/>San\u0131k Ferhat Kuru\u2019ya indirim uygulanmad\u0131\u011f\u0131n\u0131 belirten Oyit, &#8220;A\u011f\u0131rla\u015ft\u0131r\u0131lm\u0131\u015f m\u00fcebbet hapis cezas\u0131na \u00e7arpt\u0131r\u0131lm\u0131\u015ft\u0131r hi\u00e7 bir indirim uygulanmam\u0131\u015ft\u0131r. G\u00fcl demire y\u00f6nelik ger\u00e7ekle\u015ftirmi\u015f oldu\u011fu tasarlayarak \u00f6ld\u00fcrmeye te\u015febb\u00fcs fiilinden dolay\u0131 18 y\u0131l hapis cezas\u0131 verilmi\u015f ve indirim uygulanmam\u0131\u015ft\u0131r&#8221; ifadelerini kulland\u0131.<br \/>\n<br \/>Olaydan a\u011f\u0131r yaral\u0131 olarak kurtulan G\u00fcl Demir ise Kuru\u2019nun idam edilmesi gerekti\u011fini s\u00f6yleyerek, &#8220;Ben \u015fansl\u0131yd\u0131m ke\u015fke Sultan da benim gibi \u015fansl\u0131 olabilseydi. Bence idam edilmesi gerekiyordu. Bu kadar olamaz. 3 \u00e7ocu\u011fu yetim. Benim de bir \u00e7ocu\u011fum var. Hep g\u00f6z\u00fcm\u00fcn \u00f6n\u00fcnde. Her g\u00fcn o olay\u0131 ya\u015f\u0131yorum. Her g\u00fcn sultan\u0131n g\u00f6z\u00fcm\u00fcn \u00f6n\u00fcnde vurulmas\u0131n\u0131 g\u00f6r\u00fcyorum&#8221; diye konu\u015ftu.<\/p>\n<p>Olay\u0131n ge\u00e7mi\u015fi<br \/>\n<br \/>Olay Manisa\u2019n\u0131n Yunusemre il\u00e7esine ba\u011fl\u0131 Muradiye Mahallesi \u0130stasyon Caddesi \u00fczerindeki pizzac\u0131da meydana geldi. Motokurye olarak \u00e7al\u0131\u015ft\u0131\u011f\u0131 pizzac\u0131ya gelen Ferhat Kuru, yan\u0131nda getirdi\u011fi ruhsats\u0131z silahla \u00e7al\u0131\u015fanlardan Sultan Zencirci ve G\u00fcl Demir\u2019e kur\u015fun ya\u011fd\u0131rd\u0131. Kur\u015funlardan 3\u2019\u00fc Sultan Zencirci\u2019ye 2\u2019si ise G\u00fcl Demir\u2019e isabet ederken her iki kad\u0131n da kanlar i\u00e7inde yere y\u0131\u011f\u0131ld\u0131. Kur\u015funlar\u0131n hedefi olan G\u00fcl Demir\u2019i ayr\u0131ca b\u0131\u00e7aklamaya \u00e7al\u0131\u015fan Ferhat Kuru, di\u011fer \u00e7al\u0131\u015fanlar\u0131n araya girmesiyle olay yerinden ka\u00e7t\u0131. \u00c7evredekilerin ihbar\u0131 \u00fczerine olay yerine gelen sa\u011fl\u0131k ekipleri Sultan Zencirci\u2019nin hayat\u0131n\u0131 kaybetti\u011fini belirlerken a\u011f\u0131r yaral\u0131 G\u00fcl Demir\u2019i ambulansla hastaneye sevk etti. Yo\u011fun bak\u0131ma al\u0131nan Demir, uzun s\u00fcren tedavi s\u00fcreci ard\u0131ndan taburcu edildi. Olay\u0131n ard\u0131ndan yakalan\u0131p, g\u00f6zalt\u0131na al\u0131nan Ferhat Kuru, tutuklanarak cezaevine g\u00f6nderildi.<br \/><\/p>\n","protected":false},"excerpt":{"rendered":"<p>Manisa\u2019n\u0131n Yunusemre il\u00e7esinde pizzac\u0131da 1 kad\u0131n\u0131n \u00f6ld\u00fcr\u00fcld\u00fc\u011f\u00fc, 1 kad\u0131n\u0131n ise a\u011f\u0131r yaraland\u0131\u011f\u0131 olay\u0131n zanl\u0131s\u0131 Ferhat Kuru, 4\u2019\u00fcnc\u00fc kez \u00e7\u0131kt\u0131\u011f\u0131 mahkemede Sultan Zencirci\u2019yi kasten ve tasarlayarak \u00f6ld\u00fcrmekten a\u011f\u0131rla\u015ft\u0131r\u0131lm\u0131\u015f m\u00fcebbet ve G\u00fcl Demir\u2019i \u00f6ld\u00fcrmeye te\u015febb\u00fcs etme su\u00e7undan 18 y\u0131l hapis cezas\u0131na \u00e7arpt\u0131r\u0131l\u0131rken, san\u0131\u011fa indirim uygulanmad\u0131. Manisa\u2019n\u0131n Yunusemre il\u00e7esine ba\u011fl\u0131 Muradiye Mahallesi\u2019nde motokurye olarak \u00e7al\u0131\u015ft\u0131\u011f\u0131 pizzac\u0131daki Sultan Zencirci\u2019yi&#8230;<\/p>\n","protected":false},"author":1,"featured_media":31930,"comment_status":"open","ping_status":"open","sticky":false,"template":"","format":"standard","meta":{"_crdt_document":"","footnotes":""},"categories":[5],"tags":[],"class_list":["post-31929","post","type-post","status-publish","format-standard","has-post-thumbnail","hentry","category-asayis"],"_links":{"self":[{"href":"https:\/\/www.egemtv.com\/index.php?rest_route=\/wp\/v2\/posts\/31929","targetHints":{"allow":["GET"]}}],"collection":[{"href":"https:\/\/www.egemtv.com\/index.php?rest_route=\/wp\/v2\/posts"}],"about":[{"href":"https:\/\/www.egemtv.com\/index.php?rest_route=\/wp\/v2\/types\/post"}],"author":[{"embeddable":true,"href":"https:\/\/www.egemtv.com\/index.php?rest_route=\/wp\/v2\/users\/1"}],"replies":[{"embeddable":true,"href":"https:\/\/www.egemtv.com\/index.php?rest_route=%2Fwp%2Fv2%2Fcomments&post=31929"}],"version-history":[{"count":1,"href":"https:\/\/www.egemtv.com\/index.php?rest_route=\/wp\/v2\/posts\/31929\/revisions"}],"predecessor-version":[{"id":31931,"href":"https:\/\/www.egemtv.com\/index.php?rest_route=\/wp\/v2\/posts\/31929\/revisions\/31931"}],"wp:featuredmedia":[{"embeddable":true,"href":"https:\/\/www.egemtv.com\/index.php?rest_route=\/wp\/v2\/media\/31930"}],"wp:attachment":[{"href":"https:\/\/www.egemtv.com\/index.php?rest_route=%2Fwp%2Fv2%2Fmedia&parent=31929"}],"wp:term":[{"taxonomy":"category","embeddable":true,"href":"https:\/\/www.egemtv.com\/index.php?rest_route=%2Fwp%2Fv2%2Fcategories&post=31929"},{"taxonomy":"post_tag","embeddable":true,"href":"https:\/\/www.egemtv.com\/index.php?rest_route=%2Fwp%2Fv2%2Ftags&post=31929"}],"curies":[{"name":"wp","href":"https:\/\/api.w.org\/{rel}","templated":true}]}}