{"id":31926,"date":"2025-05-28T12:37:14","date_gmt":"2025-05-28T09:37:14","guid":{"rendered":"https:\/\/www.egemtv.com\/?p=31926"},"modified":"2025-05-28T12:37:19","modified_gmt":"2025-05-28T09:37:19","slug":"gelenekten-gelecege-muglada-renkli-cocuk-senligi","status":"publish","type":"post","link":"https:\/\/www.egemtv.com\/?p=31926","title":{"rendered":"Gelenekten gelece\u011fe Mu\u011fla\u2019da renkli \u00e7ocuk \u015fenli\u011fi"},"content":{"rendered":"<p>Mu\u011fla \u0130l Milli E\u011fitim M\u00fcd\u00fcrl\u00fc\u011f\u00fc taraf\u0131ndan d\u00fczenlenen &#8220;Geleneksel \u00c7ocuk Oyunlar\u0131 \u015eenli\u011fi&#8221;, \u00e7ocuklar\u0131 ge\u00e7mi\u015fin izlerini ta\u015f\u0131yan geleneksel oyunlarla bulu\u015fturdu. T\u00fcrd\u00fc 100. Y\u0131l Ortaokulu bah\u00e7esinde ger\u00e7ekle\u015ftirilen etkinlikte, seksekten topaca, ip atlamadan &#8220;ya\u011f satar\u0131m, bal satar\u0131m&#8221; oyununa kadar bir\u00e7ok geleneksel oyun oynand\u0131. \u00d6\u011frenciler hem doyas\u0131ya e\u011flendi hem de k\u00fclt\u00fcrel mirasla tan\u0131\u015fma f\u0131rsat\u0131 buldu.<\/p>\n<p>Renkli g\u00f6r\u00fcnt\u00fclere sahne olan \u015fenli\u011fe; Mu\u011fla Vali Yard\u0131mc\u0131s\u0131 Ali Y\u0131lmaz, Mu\u011fla \u0130l Milli E\u011fitim M\u00fcd\u00fcr\u00fc Emre \u00c7ay, Aile ve Sosyal Hizmetler \u0130l M\u00fcd\u00fcr\u00fc Yakup K\u00fct\u00fck, \u00f6\u011fretmenler, veliler ve siyasi parti temsilcileri kat\u0131ld\u0131.<\/p>\n<p>Etkinlik alan\u0131na kurulan at\u00f6lyelerde \u00f6\u011frenciler \u00e7e\u015fitli el i\u015fi ve oyun etkinliklerine kat\u0131larak hem e\u011flenceli hem \u00f6\u011fretici anlar ya\u015fad\u0131. Geleneksel \u00e7ocuk oyunlar\u0131 arac\u0131l\u0131\u011f\u0131yla sosyalle\u015fen \u00f6\u011frenciler, ekip \u00e7al\u0131\u015fmas\u0131, payla\u015f\u0131m ve k\u00fclt\u00fcrel de\u011ferleri deneyimleme imk\u00e2n\u0131 buldu.<\/p>\n<p>\u015eenli\u011fi yak\u0131ndan takip eden protokol \u00fcyeleri, etkinlik alanlar\u0131n\u0131 gezerek \u00f6\u011frencilerle sohbet etti, oynanan oyunlar\u0131 izledi. \u00c7ocuklar\u0131n heyecan\u0131na ortak olan protokol, geleneksel oyunlar\u0131n ku\u015faktan ku\u015fa\u011fa aktar\u0131lmas\u0131n\u0131n \u00f6nemine vurgu yapt\u0131.<\/p>\n<p>Mu\u011fla \u0130l Milli E\u011fitim M\u00fcd\u00fcr\u00fc Emre \u00c7ay, yapt\u0131\u011f\u0131 a\u00e7\u0131klamada bu t\u00fcr etkinliklerin \u00f6\u011frenciler aras\u0131nda k\u00fclt\u00fcrel ba\u011flar\u0131 g\u00fc\u00e7lendirdi\u011fini belirterek, &#8220;Geleneksel \u00e7ocuk oyunlar\u0131m\u0131z, ge\u00e7mi\u015fle ba\u011f kurman\u0131n en g\u00fczel yollar\u0131ndan biri. Bu de\u011ferleri ya\u015fatmak ve yeni nesillere aktarmak hepimizin sorumlulu\u011fu&#8221; dedi.<\/p>\n<p>\u00d6\u011frencilerin ne\u015fesiyle dolan okul bah\u00e7esi, g\u00fcn boyunca kahkahalarla \u015fenlendi. Aileler ve \u00f6\u011fretmenler de \u00e7ocuklar\u0131n heyecan\u0131na e\u015flik ederek unutulmaz bir g\u00fcn ya\u015fanmas\u0131na katk\u0131 sa\u011flad\u0131.<br \/><\/p>\n","protected":false},"excerpt":{"rendered":"<p>Mu\u011fla \u0130l Milli E\u011fitim M\u00fcd\u00fcrl\u00fc\u011f\u00fc taraf\u0131ndan d\u00fczenlenen &#8220;Geleneksel \u00c7ocuk Oyunlar\u0131 \u015eenli\u011fi&#8221;, \u00e7ocuklar\u0131 ge\u00e7mi\u015fin izlerini ta\u015f\u0131yan geleneksel oyunlarla bulu\u015fturdu. T\u00fcrd\u00fc 100. Y\u0131l Ortaokulu bah\u00e7esinde ger\u00e7ekle\u015ftirilen etkinlikte, seksekten topaca, ip atlamadan &#8220;ya\u011f satar\u0131m, bal satar\u0131m&#8221; oyununa kadar bir\u00e7ok geleneksel oyun oynand\u0131. \u00d6\u011frenciler hem doyas\u0131ya e\u011flendi hem de k\u00fclt\u00fcrel mirasla tan\u0131\u015fma f\u0131rsat\u0131 buldu. Renkli g\u00f6r\u00fcnt\u00fclere sahne olan \u015fenli\u011fe;&#8230;<\/p>\n","protected":false},"author":1,"featured_media":31927,"comment_status":"open","ping_status":"open","sticky":false,"template":"","format":"standard","meta":{"_crdt_document":"","footnotes":""},"categories":[1],"tags":[],"class_list":["post-31926","post","type-post","status-publish","format-standard","has-post-thumbnail","hentry","category-guncel"],"_links":{"self":[{"href":"https:\/\/www.egemtv.com\/index.php?rest_route=\/wp\/v2\/posts\/31926","targetHints":{"allow":["GET"]}}],"collection":[{"href":"https:\/\/www.egemtv.com\/index.php?rest_route=\/wp\/v2\/posts"}],"about":[{"href":"https:\/\/www.egemtv.com\/index.php?rest_route=\/wp\/v2\/types\/post"}],"author":[{"embeddable":true,"href":"https:\/\/www.egemtv.com\/index.php?rest_route=\/wp\/v2\/users\/1"}],"replies":[{"embeddable":true,"href":"https:\/\/www.egemtv.com\/index.php?rest_route=%2Fwp%2Fv2%2Fcomments&post=31926"}],"version-history":[{"count":1,"href":"https:\/\/www.egemtv.com\/index.php?rest_route=\/wp\/v2\/posts\/31926\/revisions"}],"predecessor-version":[{"id":31928,"href":"https:\/\/www.egemtv.com\/index.php?rest_route=\/wp\/v2\/posts\/31926\/revisions\/31928"}],"wp:featuredmedia":[{"embeddable":true,"href":"https:\/\/www.egemtv.com\/index.php?rest_route=\/wp\/v2\/media\/31927"}],"wp:attachment":[{"href":"https:\/\/www.egemtv.com\/index.php?rest_route=%2Fwp%2Fv2%2Fmedia&parent=31926"}],"wp:term":[{"taxonomy":"category","embeddable":true,"href":"https:\/\/www.egemtv.com\/index.php?rest_route=%2Fwp%2Fv2%2Fcategories&post=31926"},{"taxonomy":"post_tag","embeddable":true,"href":"https:\/\/www.egemtv.com\/index.php?rest_route=%2Fwp%2Fv2%2Ftags&post=31926"}],"curies":[{"name":"wp","href":"https:\/\/api.w.org\/{rel}","templated":true}]}}