{"id":31917,"date":"2025-05-28T12:16:47","date_gmt":"2025-05-28T09:16:47","guid":{"rendered":"https:\/\/www.egemtv.com\/?p=31917"},"modified":"2025-05-28T12:16:53","modified_gmt":"2025-05-28T09:16:53","slug":"aydinda-sira-disi-olay-tatilci-kadinin-cantasini-yaban-domuzlari-kacirdi","status":"publish","type":"post","link":"https:\/\/www.egemtv.com\/?p=31917","title":{"rendered":"Ayd\u0131n\u2019da s\u0131ra d\u0131\u015f\u0131 olay: Tatilci kad\u0131n\u0131n \u00e7antas\u0131n\u0131 yaban domuzlar\u0131 ka\u00e7\u0131rd\u0131"},"content":{"rendered":"<p>Ayd\u0131n\u2019\u0131n Ku\u015fadas\u0131 il\u00e7esinde tatil yapan bir kad\u0131n\u0131n serinlemek i\u00e7in denize girdi\u011fi s\u0131rada k\u0131y\u0131ya b\u0131rakt\u0131\u011f\u0131 \u00e7antas\u0131 yaban domuzlar\u0131 taraf\u0131ndan ormanl\u0131k alana ka\u00e7\u0131r\u0131l\u0131rken, \u00e7anta jandarma ekipleri taraf\u0131ndan 3 kilometre uzakl\u0131kta ormanl\u0131k alanda bulundu.<\/p>\n<p>Olay, Dilek Yar\u0131madas\u0131 Milli Park\u0131 Ayd\u0131nl\u0131k Koyu mevkiinde meydana geldi. Tatil ama\u00e7l\u0131 milli parka gelen 28 ya\u015f\u0131ndaki G.O. isimli kad\u0131n, denize girdi\u011fi s\u0131rada k\u0131y\u0131ya b\u0131rakt\u0131\u011f\u0131 \u00e7antas\u0131n\u0131n domuzlar taraf\u0131ndan ka\u00e7\u0131r\u0131ld\u0131\u011f\u0131n\u0131 fark etti. Durumun 112 Acil \u00c7a\u011fr\u0131 Merkezi\u2019ne bildirilmesi \u00fczerine b\u00f6lgeye sevk edilen Ku\u015fadas\u0131 \u0130l\u00e7e Jandarma Komutanl\u0131\u011f\u0131\u2019na ba\u011fl\u0131 Kavakl\u0131 Jandarma Karakol Komutanl\u0131\u011f\u0131 ekipleri ormanl\u0131k alanda arama \u00e7al\u0131\u015fmas\u0131 ba\u015flatt\u0131. Yap\u0131lan ara\u015ft\u0131rma sonucu \u00e7anta, yakla\u015f\u0131k 3 kilometre uzakl\u0131kta orman i\u00e7inde bulundu. \u0130\u00e7erisinde ki\u015fisel e\u015fyalar\u0131n yer ald\u0131\u011f\u0131 \u00e7anta sahibine eksiksiz \u015fekilde teslim edildi. Jandarma ekipleri, olay sonras\u0131 b\u00f6lgede bulunan vatanda\u015flar\u0131 yaban hayat\u0131yla ilgili dikkatli olmalar\u0131 ve ki\u015fisel e\u015fyalar\u0131n\u0131 a\u00e7\u0131kta b\u0131rakmamalar\u0131 y\u00f6n\u00fcnde bilgilendirdi.<br \/><\/p>\n","protected":false},"excerpt":{"rendered":"<p>Ayd\u0131n\u2019\u0131n Ku\u015fadas\u0131 il\u00e7esinde tatil yapan bir kad\u0131n\u0131n serinlemek i\u00e7in denize girdi\u011fi s\u0131rada k\u0131y\u0131ya b\u0131rakt\u0131\u011f\u0131 \u00e7antas\u0131 yaban domuzlar\u0131 taraf\u0131ndan ormanl\u0131k alana ka\u00e7\u0131r\u0131l\u0131rken, \u00e7anta jandarma ekipleri taraf\u0131ndan 3 kilometre uzakl\u0131kta ormanl\u0131k alanda bulundu. Olay, Dilek Yar\u0131madas\u0131 Milli Park\u0131 Ayd\u0131nl\u0131k Koyu mevkiinde meydana geldi. Tatil ama\u00e7l\u0131 milli parka gelen 28 ya\u015f\u0131ndaki G.O. isimli kad\u0131n, denize girdi\u011fi s\u0131rada k\u0131y\u0131ya&#8230;<\/p>\n","protected":false},"author":1,"featured_media":31918,"comment_status":"open","ping_status":"open","sticky":false,"template":"","format":"standard","meta":{"_crdt_document":"","footnotes":""},"categories":[5],"tags":[],"class_list":["post-31917","post","type-post","status-publish","format-standard","has-post-thumbnail","hentry","category-asayis"],"_links":{"self":[{"href":"https:\/\/www.egemtv.com\/index.php?rest_route=\/wp\/v2\/posts\/31917","targetHints":{"allow":["GET"]}}],"collection":[{"href":"https:\/\/www.egemtv.com\/index.php?rest_route=\/wp\/v2\/posts"}],"about":[{"href":"https:\/\/www.egemtv.com\/index.php?rest_route=\/wp\/v2\/types\/post"}],"author":[{"embeddable":true,"href":"https:\/\/www.egemtv.com\/index.php?rest_route=\/wp\/v2\/users\/1"}],"replies":[{"embeddable":true,"href":"https:\/\/www.egemtv.com\/index.php?rest_route=%2Fwp%2Fv2%2Fcomments&post=31917"}],"version-history":[{"count":1,"href":"https:\/\/www.egemtv.com\/index.php?rest_route=\/wp\/v2\/posts\/31917\/revisions"}],"predecessor-version":[{"id":31919,"href":"https:\/\/www.egemtv.com\/index.php?rest_route=\/wp\/v2\/posts\/31917\/revisions\/31919"}],"wp:featuredmedia":[{"embeddable":true,"href":"https:\/\/www.egemtv.com\/index.php?rest_route=\/wp\/v2\/media\/31918"}],"wp:attachment":[{"href":"https:\/\/www.egemtv.com\/index.php?rest_route=%2Fwp%2Fv2%2Fmedia&parent=31917"}],"wp:term":[{"taxonomy":"category","embeddable":true,"href":"https:\/\/www.egemtv.com\/index.php?rest_route=%2Fwp%2Fv2%2Fcategories&post=31917"},{"taxonomy":"post_tag","embeddable":true,"href":"https:\/\/www.egemtv.com\/index.php?rest_route=%2Fwp%2Fv2%2Ftags&post=31917"}],"curies":[{"name":"wp","href":"https:\/\/api.w.org\/{rel}","templated":true}]}}