{"id":31914,"date":"2025-05-28T11:56:30","date_gmt":"2025-05-28T08:56:30","guid":{"rendered":"https:\/\/www.egemtv.com\/?p=31914"},"modified":"2025-05-28T11:56:36","modified_gmt":"2025-05-28T08:56:36","slug":"soguklarin-vurdugu-kiraz-ureticisine-devlet-destegi","status":"publish","type":"post","link":"https:\/\/www.egemtv.com\/?p=31914","title":{"rendered":"So\u011fuklar\u0131n vurdu\u011fu kiraz \u00fcreticisine devlet deste\u011fi"},"content":{"rendered":"<p>Denizli\u2019de Mart ve Nisan aylar\u0131nda hava s\u0131cakl\u0131\u011f\u0131ndaki d\u00fc\u015f\u00fc\u015f sebebiyle co\u011frafi i\u015faretli Honaz kiraz\u0131na zirai don meydana geldi. Tar\u0131m ve Orman Bakanl\u0131\u011f\u0131, ya\u015fanan don olaylar\u0131nda zarar g\u00f6ren 17 \u00e7e\u015fit \u00fcr\u00fcne destek verece\u011fini a\u00e7\u0131klad\u0131. A\u00e7\u0131klanan 17 \u00fcr\u00fcn\u00fcn i\u00e7erisinde kiraz\u0131n da bulunmas\u0131 \u00fcreticilerin bir nebze de olsun rahatlamas\u0131n\u0131 sa\u011flad\u0131.<\/p>\n<p>Ge\u00e7ti\u011fimiz Mart ve Nisan aylar\u0131nda hava s\u0131cakl\u0131klar\u0131n\u0131n d\u00fc\u015fmesiyle ya\u015fanan zirai don olay\u0131nda Denizli\u2019nin Honaz \u0130l\u00e7esinde kiraz a\u011fa\u00e7lar\u0131 b\u00fcy\u00fck zarar g\u00f6rd\u00fc. Kiraz\u0131yla me\u015fhur olan ve co\u011frafi i\u015farete sahip kentte meyve verme\u011fe haz\u0131rlanan a\u011fa\u00e7lar\u0131n zirai dona maruz kalmas\u0131yla mahsuller y\u00fczde 50 zarar g\u00f6rd\u00fc. Tar\u0131m ve Orman Bakanl\u0131\u011f\u0131, 34 ilde ya\u015fanan zirai don olay\u0131nda zarar g\u00f6ren sigortas\u0131 olan ve olmayan 17 \u00fcr\u00fcnde \u00fcreticiye destek olaca\u011f\u0131n\u0131 a\u00e7\u0131klad\u0131. Zirai don olay\u0131ndan b\u00fcy\u00fck zarar g\u00f6ren \u00fcretici a\u00e7\u0131klanan destekle rahat nefes ald\u0131.<\/p>\n<p>Zirai Dondan etkilenen ve don olay\u0131na kar\u015f\u0131 TARS\u0130M yapt\u0131rmayan \u00fcreticilerine a\u00e7\u0131klanan deste\u011fin b\u00fcy\u00fck faydas\u0131 olaca\u011f\u0131n\u0131 ifade eden Honaz Ziraat Odas\u0131 Ba\u015fkan\u0131 Hasan Yelek, &#8220;Hava s\u0131cakl\u0131\u011f\u0131nda ya\u015fanan ani d\u00fc\u015f\u00fc\u015fle kirazlarda zirai don meydana geldi. Ya\u015fanan don olay\u0131 nedeniyle bu y\u0131l mahsullerimizde y\u00fczde 50 kay\u0131p var. A\u011fa\u00e7lar\u0131na TARS\u0130M yapt\u0131ranlar\u0131n zararlar\u0131 kar\u015f\u0131lanacak ama yapt\u0131rmayan \u00fcreticimizin durumu k\u00f6t\u00fc olacakt\u0131 ama zirai don olay\u0131 bir afet say\u0131ld\u0131 ve Tar\u0131m ve Orman Bakanl\u0131\u011f\u0131 taraf\u0131ndan zirai dondan zarar g\u00f6ren 17 \u00fcr\u00fcnde zarar\u0131n kar\u015f\u0131lanaca\u011f\u0131 a\u00e7\u0131kland\u0131. A\u00e7\u0131klanan \u00fcr\u00fcnlerin i\u00e7erisinde kirazda var. Konuyla ilgili gerekli ba\u015fvuru dilek\u00e7elerini \u00fcreticilerimizde topluyoruz ve Tar\u0131m ve Orman Bakanl\u0131\u011f\u0131na iletece\u011fiz. TARS\u0130M\u2019de don kesintisi y\u00fcksek oldu\u011fu i\u00e7in ve bu b\u00f6lgede daha \u00f6nce b\u00f6yle bir \u015fey ya\u015fanmad\u0131\u011f\u0131 i\u00e7in \u00fcretici doluya kar\u015f\u0131 TARS\u0130M yapt\u0131r\u0131yor ama dona kar\u015f\u0131 yapt\u0131rm\u0131yor&#8221; dedi.<br \/><\/p>\n","protected":false},"excerpt":{"rendered":"<p>Denizli\u2019de Mart ve Nisan aylar\u0131nda hava s\u0131cakl\u0131\u011f\u0131ndaki d\u00fc\u015f\u00fc\u015f sebebiyle co\u011frafi i\u015faretli Honaz kiraz\u0131na zirai don meydana geldi. Tar\u0131m ve Orman Bakanl\u0131\u011f\u0131, ya\u015fanan don olaylar\u0131nda zarar g\u00f6ren 17 \u00e7e\u015fit \u00fcr\u00fcne destek verece\u011fini a\u00e7\u0131klad\u0131. A\u00e7\u0131klanan 17 \u00fcr\u00fcn\u00fcn i\u00e7erisinde kiraz\u0131n da bulunmas\u0131 \u00fcreticilerin bir nebze de olsun rahatlamas\u0131n\u0131 sa\u011flad\u0131. Ge\u00e7ti\u011fimiz Mart ve Nisan aylar\u0131nda hava s\u0131cakl\u0131klar\u0131n\u0131n d\u00fc\u015fmesiyle ya\u015fanan&#8230;<\/p>\n","protected":false},"author":1,"featured_media":31915,"comment_status":"open","ping_status":"open","sticky":false,"template":"","format":"standard","meta":{"_crdt_document":"","footnotes":""},"categories":[125],"tags":[],"class_list":["post-31914","post","type-post","status-publish","format-standard","has-post-thumbnail","hentry","category-ekonomi"],"_links":{"self":[{"href":"https:\/\/www.egemtv.com\/index.php?rest_route=\/wp\/v2\/posts\/31914","targetHints":{"allow":["GET"]}}],"collection":[{"href":"https:\/\/www.egemtv.com\/index.php?rest_route=\/wp\/v2\/posts"}],"about":[{"href":"https:\/\/www.egemtv.com\/index.php?rest_route=\/wp\/v2\/types\/post"}],"author":[{"embeddable":true,"href":"https:\/\/www.egemtv.com\/index.php?rest_route=\/wp\/v2\/users\/1"}],"replies":[{"embeddable":true,"href":"https:\/\/www.egemtv.com\/index.php?rest_route=%2Fwp%2Fv2%2Fcomments&post=31914"}],"version-history":[{"count":1,"href":"https:\/\/www.egemtv.com\/index.php?rest_route=\/wp\/v2\/posts\/31914\/revisions"}],"predecessor-version":[{"id":31916,"href":"https:\/\/www.egemtv.com\/index.php?rest_route=\/wp\/v2\/posts\/31914\/revisions\/31916"}],"wp:featuredmedia":[{"embeddable":true,"href":"https:\/\/www.egemtv.com\/index.php?rest_route=\/wp\/v2\/media\/31915"}],"wp:attachment":[{"href":"https:\/\/www.egemtv.com\/index.php?rest_route=%2Fwp%2Fv2%2Fmedia&parent=31914"}],"wp:term":[{"taxonomy":"category","embeddable":true,"href":"https:\/\/www.egemtv.com\/index.php?rest_route=%2Fwp%2Fv2%2Fcategories&post=31914"},{"taxonomy":"post_tag","embeddable":true,"href":"https:\/\/www.egemtv.com\/index.php?rest_route=%2Fwp%2Fv2%2Ftags&post=31914"}],"curies":[{"name":"wp","href":"https:\/\/api.w.org\/{rel}","templated":true}]}}