{"id":31908,"date":"2025-05-28T11:36:31","date_gmt":"2025-05-28T08:36:31","guid":{"rendered":"https:\/\/www.egemtv.com\/?p=31908"},"modified":"2025-05-28T11:36:36","modified_gmt":"2025-05-28T08:36:36","slug":"baskan-putun-ankarada-beyagacli-hemsehrileriyle-bulustu","status":"publish","type":"post","link":"https:\/\/www.egemtv.com\/?p=31908","title":{"rendered":"Ba\u015fkan P\u00fct\u00fcn, Ankara\u2019da Beya\u011fa\u00e7l\u0131 hem\u015fehrileriyle bulu\u015ftu"},"content":{"rendered":"<p>DEN\u0130ZL\u0130 (\u0130HA) \u2013 Ankara program\u0131 kapsam\u0131nda hem\u015fehrileriyle bir araya gelen Beya\u011fa\u00e7 Belediye Ba\u015fkan\u0131 Sezayi P\u00fct\u00fcn,  Ortaokul ve Lise Ara\u015ft\u0131rma Projeleri Final Sergisinde Denizli\u2019yi temsil eden \u00f6\u011frencileri yaln\u0131z b\u0131rakmad\u0131.<\/p>\n<p>Denizli\u2019nin Beya\u011fa\u00e7 Belediye Ba\u015fkan\u0131 Sezayi P\u00fct\u00fcn, Ankara\u2019da ya\u015fayan Prof. Dr. Arif \u00d6zdemir\u2019in ev sahipli\u011finde Denizli Milletvekili \u015eahin Tin, Yarg\u0131tay \u00dcyesi Alp Arslan ve Beya\u011fa\u00e7l\u0131 hem\u015fehrileriyle bir araya geldi.<br \/>\n<br \/>Bulu\u015fmada Beya\u011fa\u00e7\u2019ta hayata ge\u00e7irdikleri, devam eden ve ileriki d\u00f6nem projeleri hakk\u0131nda bilgiler veren Ba\u015fkan Sezayi P\u00fct\u00fcn, &#8220;Ankara\u2019da hem\u015fehrilerimizle ger\u00e7ekle\u015ftirdi\u011fimiz bulu\u015fmada, konu her zaman oldu\u011fu gibi Beya\u011fa\u00e7\u2019t\u0131. \u0130l\u00e7emizin gelece\u011fi i\u00e7in isti\u015farelerde bulunduk, birlik ve beraberli\u011fimizi peki\u015ftirdik&#8221; dedi.<\/p>\n<p>Beya\u011fa\u00e7 Belediye Ba\u015fkan\u0131 Sezayi P\u00fct\u00fcn, hem\u015fehrileriyle bulu\u015fmas\u0131n\u0131n ard\u0131ndan Ankara\u2019da d\u00fczenlenen Ortaokul ve Lise Ara\u015ft\u0131rma Projeleri Final Sergisine kat\u0131ld\u0131. Sergide Denizli\u2019yi temsil eden Abal\u0131o\u011flu Yem Sanayi Ortaokulu \u00f6\u011frencileri Elif Cemre Ataman, Ceren Baltac\u0131 ve dan\u0131\u015fman \u00f6\u011fretmenleri Mustafa Kemal Kalkan\u2019\u0131 ziyaret eden Ba\u015fkan P\u00fct\u00fcn, &#8220;\u00d6\u011frencilerimizi tebrik ediyor, ba\u015far\u0131lar\u0131n\u0131n devam\u0131n\u0131 diliyoruz&#8221; diye konu\u015ftu.<br \/><\/p>\n","protected":false},"excerpt":{"rendered":"<p>DEN\u0130ZL\u0130 (\u0130HA) \u2013 Ankara program\u0131 kapsam\u0131nda hem\u015fehrileriyle bir araya gelen Beya\u011fa\u00e7 Belediye Ba\u015fkan\u0131 Sezayi P\u00fct\u00fcn, Ortaokul ve Lise Ara\u015ft\u0131rma Projeleri Final Sergisinde Denizli\u2019yi temsil eden \u00f6\u011frencileri yaln\u0131z b\u0131rakmad\u0131. Denizli\u2019nin Beya\u011fa\u00e7 Belediye Ba\u015fkan\u0131 Sezayi P\u00fct\u00fcn, Ankara\u2019da ya\u015fayan Prof. Dr. Arif \u00d6zdemir\u2019in ev sahipli\u011finde Denizli Milletvekili \u015eahin Tin, Yarg\u0131tay \u00dcyesi Alp Arslan ve Beya\u011fa\u00e7l\u0131 hem\u015fehrileriyle bir araya&#8230;<\/p>\n","protected":false},"author":1,"featured_media":31909,"comment_status":"open","ping_status":"open","sticky":false,"template":"","format":"standard","meta":{"_crdt_document":"","footnotes":""},"categories":[127],"tags":[],"class_list":["post-31908","post","type-post","status-publish","format-standard","has-post-thumbnail","hentry","category-siyaset"],"_links":{"self":[{"href":"https:\/\/www.egemtv.com\/index.php?rest_route=\/wp\/v2\/posts\/31908","targetHints":{"allow":["GET"]}}],"collection":[{"href":"https:\/\/www.egemtv.com\/index.php?rest_route=\/wp\/v2\/posts"}],"about":[{"href":"https:\/\/www.egemtv.com\/index.php?rest_route=\/wp\/v2\/types\/post"}],"author":[{"embeddable":true,"href":"https:\/\/www.egemtv.com\/index.php?rest_route=\/wp\/v2\/users\/1"}],"replies":[{"embeddable":true,"href":"https:\/\/www.egemtv.com\/index.php?rest_route=%2Fwp%2Fv2%2Fcomments&post=31908"}],"version-history":[{"count":1,"href":"https:\/\/www.egemtv.com\/index.php?rest_route=\/wp\/v2\/posts\/31908\/revisions"}],"predecessor-version":[{"id":31910,"href":"https:\/\/www.egemtv.com\/index.php?rest_route=\/wp\/v2\/posts\/31908\/revisions\/31910"}],"wp:featuredmedia":[{"embeddable":true,"href":"https:\/\/www.egemtv.com\/index.php?rest_route=\/wp\/v2\/media\/31909"}],"wp:attachment":[{"href":"https:\/\/www.egemtv.com\/index.php?rest_route=%2Fwp%2Fv2%2Fmedia&parent=31908"}],"wp:term":[{"taxonomy":"category","embeddable":true,"href":"https:\/\/www.egemtv.com\/index.php?rest_route=%2Fwp%2Fv2%2Fcategories&post=31908"},{"taxonomy":"post_tag","embeddable":true,"href":"https:\/\/www.egemtv.com\/index.php?rest_route=%2Fwp%2Fv2%2Ftags&post=31908"}],"curies":[{"name":"wp","href":"https:\/\/api.w.org\/{rel}","templated":true}]}}