{"id":31905,"date":"2025-05-28T11:16:02","date_gmt":"2025-05-28T08:16:02","guid":{"rendered":"https:\/\/www.egemtv.com\/?p=31905"},"modified":"2025-05-28T11:16:06","modified_gmt":"2025-05-28T08:16:06","slug":"dpude-kok-hucre-ve-kan-bagisi-konferansi","status":"publish","type":"post","link":"https:\/\/www.egemtv.com\/?p=31905","title":{"rendered":"DP\u00dc\u2019de k\u00f6k h\u00fccre ve kan ba\u011f\u0131\u015f\u0131 konferans\u0131"},"content":{"rendered":"<p>K\u00fctahya Dumlup\u0131nar \u00dcniversitesinde (DP\u00dc) k\u00f6k h\u00fccre ve kan ba\u011f\u0131\u015f\u0131 konferans\u0131 ve kampanyas\u0131 ger\u00e7ekle\u015ftirildi.<br \/>\n<br \/>Spor Bilimleri Fak\u00fcltesi Konferans Salonu\u2019nda d\u00fczenlenen etkinli\u011fe Spor Bilimleri Fak\u00fcltesi Dekan\u0131 Prof. Dr. \u00c7etin \u00d6zdilek, akademik ve idari personel ile \u00f6\u011frenciler kat\u0131ld\u0131.<br \/>\n<br \/>Konferansa konu\u015fmac\u0131 olarak Eski\u015fehir B\u00f6lge K\u00f6k H\u00fccre Don\u00f6r Kazan\u0131m Uzman\u0131 Nejdet Ayduran ile K\u00fctahya Kan Ba\u011f\u0131\u015f Merkezi Kan Ba\u011f\u0131\u015f Kazan\u0131m Uzman\u0131 U\u011fur Ser\u00e7ebay davet edildi. Konferansta k\u00f6k h\u00fccre ba\u011f\u0131\u015f\u0131 ve kan ba\u011f\u0131\u015f\u0131 s\u00fcre\u00e7leri, ba\u011f\u0131\u015f\u00e7\u0131 olman\u0131n \u00f6l\u00e7\u00fctleri ve bu ba\u011f\u0131\u015flar\u0131n hayat kurtar\u0131c\u0131 \u00f6nemi hakk\u0131nda bilgiler sunuldu.<br \/>\n<br \/>Dekan Prof. Dr. \u00c7etin \u00d6zdilek\u2019in a\u00e7\u0131l\u0131\u015f konu\u015fmas\u0131yla ba\u015flayan ve Prof. Dr. Alparslan \u00dcnveren\u2019in moderat\u00f6rl\u00fc\u011f\u00fcnde d\u00fczenlenen konferansta konu\u015fmac\u0131lardan Nejdet Ayduran, k\u00f6k h\u00fccre naklinin \u00f6zellikle kan kanseri gibi hastal\u0131klarda tedavi edici rol\u00fcn\u00fc anlatt\u0131 ve don\u00f6r olman\u0131n ta\u015f\u0131d\u0131\u011f\u0131 sorumluluklara de\u011findi. U\u011fur Ser\u00e7ebay ise kan ba\u011f\u0131\u015f\u0131n\u0131n periyodik olarak yap\u0131lmas\u0131n\u0131n neden \u00f6nemli oldu\u011funu ve sa\u011fl\u0131kl\u0131 bireylerin bu s\u00fcrece nas\u0131l katk\u0131 sa\u011flayabilece\u011fini aktard\u0131.<br \/>\n<br \/>Etkinlik sonunda soru-cevap b\u00f6l\u00fcm\u00fc ger\u00e7ekle\u015ftirildi ve kat\u0131l\u0131mc\u0131lar, ba\u011f\u0131\u015f s\u00fcre\u00e7leri hakk\u0131nda merak ettiklerini konu\u015fmac\u0131lara sordu. Etkinlik, konu\u015fmac\u0131lara te\u015fekk\u00fcr belgeleri takdim edilerek son buldu.<br \/>\n<br \/>Konferans\u0131n ard\u0131ndan fak\u00fclte fuaye alan\u0131nda kan ba\u011f\u0131\u015f\u0131 kampanyas\u0131 ba\u015flad\u0131.<br \/><\/p>\n","protected":false},"excerpt":{"rendered":"<p>K\u00fctahya Dumlup\u0131nar \u00dcniversitesinde (DP\u00dc) k\u00f6k h\u00fccre ve kan ba\u011f\u0131\u015f\u0131 konferans\u0131 ve kampanyas\u0131 ger\u00e7ekle\u015ftirildi. Spor Bilimleri Fak\u00fcltesi Konferans Salonu\u2019nda d\u00fczenlenen etkinli\u011fe Spor Bilimleri Fak\u00fcltesi Dekan\u0131 Prof. Dr. \u00c7etin \u00d6zdilek, akademik ve idari personel ile \u00f6\u011frenciler kat\u0131ld\u0131. Konferansa konu\u015fmac\u0131 olarak Eski\u015fehir B\u00f6lge K\u00f6k H\u00fccre Don\u00f6r Kazan\u0131m Uzman\u0131 Nejdet Ayduran ile K\u00fctahya Kan Ba\u011f\u0131\u015f Merkezi Kan Ba\u011f\u0131\u015f Kazan\u0131m&#8230;<\/p>\n","protected":false},"author":1,"featured_media":31906,"comment_status":"open","ping_status":"open","sticky":false,"template":"","format":"standard","meta":{"_crdt_document":"","footnotes":""},"categories":[1],"tags":[],"class_list":["post-31905","post","type-post","status-publish","format-standard","has-post-thumbnail","hentry","category-guncel"],"_links":{"self":[{"href":"https:\/\/www.egemtv.com\/index.php?rest_route=\/wp\/v2\/posts\/31905","targetHints":{"allow":["GET"]}}],"collection":[{"href":"https:\/\/www.egemtv.com\/index.php?rest_route=\/wp\/v2\/posts"}],"about":[{"href":"https:\/\/www.egemtv.com\/index.php?rest_route=\/wp\/v2\/types\/post"}],"author":[{"embeddable":true,"href":"https:\/\/www.egemtv.com\/index.php?rest_route=\/wp\/v2\/users\/1"}],"replies":[{"embeddable":true,"href":"https:\/\/www.egemtv.com\/index.php?rest_route=%2Fwp%2Fv2%2Fcomments&post=31905"}],"version-history":[{"count":1,"href":"https:\/\/www.egemtv.com\/index.php?rest_route=\/wp\/v2\/posts\/31905\/revisions"}],"predecessor-version":[{"id":31907,"href":"https:\/\/www.egemtv.com\/index.php?rest_route=\/wp\/v2\/posts\/31905\/revisions\/31907"}],"wp:featuredmedia":[{"embeddable":true,"href":"https:\/\/www.egemtv.com\/index.php?rest_route=\/wp\/v2\/media\/31906"}],"wp:attachment":[{"href":"https:\/\/www.egemtv.com\/index.php?rest_route=%2Fwp%2Fv2%2Fmedia&parent=31905"}],"wp:term":[{"taxonomy":"category","embeddable":true,"href":"https:\/\/www.egemtv.com\/index.php?rest_route=%2Fwp%2Fv2%2Fcategories&post=31905"},{"taxonomy":"post_tag","embeddable":true,"href":"https:\/\/www.egemtv.com\/index.php?rest_route=%2Fwp%2Fv2%2Ftags&post=31905"}],"curies":[{"name":"wp","href":"https:\/\/api.w.org\/{rel}","templated":true}]}}