{"id":31899,"date":"2025-05-28T11:15:52","date_gmt":"2025-05-28T08:15:52","guid":{"rendered":"https:\/\/www.egemtv.com\/?p=31899"},"modified":"2025-05-28T11:15:57","modified_gmt":"2025-05-28T08:15:57","slug":"mskude-gelecege-yatirim-ogrenciler-ve-kurumlar-ayni-platformda","status":"publish","type":"post","link":"https:\/\/www.egemtv.com\/?p=31899","title":{"rendered":"MSK\u00dc\u2019de gelece\u011fe yat\u0131r\u0131m: \u00d6\u011frenciler ve kurumlar ayn\u0131 platformda"},"content":{"rendered":"<p>Mu\u011fla S\u0131tk\u0131 Ko\u00e7man \u00dcniversitesi (MSK\u00dc) Kariyer Planlama ve Mezunlarla \u0130li\u015fkiler Koordinat\u00f6rl\u00fc\u011f\u00fc taraf\u0131ndan, \u00f6\u011frencilerin kariyer planlamalar\u0131na katk\u0131 sa\u011flamak amac\u0131yla Atat\u00fcrk K\u00fclt\u00fcr Merkezi\u2019nde &#8220;\u00d6\u011frenci-Sekt\u00f6r Bulu\u015fmas\u0131&#8221; etkinli\u011fi d\u00fczenlendi.<\/p>\n<p>Etkinlikte, \u00f6zel sekt\u00f6r temsilcileri, kamu kurum ve kurulu\u015flar\u0131 ile sivil toplum kurulu\u015flar\u0131 bir araya gelerek, \u00f6rg\u00fcn \u00f6\u011fretim g\u00f6ren \u00f6\u011frenciler ile \u00fcniversite mezunlar\u0131yla tan\u0131\u015fma ve bilgi payla\u015f\u0131m\u0131 f\u0131rsat\u0131 buldu. \u00d6\u011frencilerin yo\u011fun ilgi g\u00f6sterdi\u011fi bulu\u015fma, istihdam imkanlar\u0131n\u0131n art\u0131r\u0131lmas\u0131 ve mezunlarla kurumlar aras\u0131nda kal\u0131c\u0131 ba\u011flar\u0131n kurulmas\u0131 amac\u0131yla geleneksel hale getirilecek.<\/p>\n<p>&#8220;Kurumlar stant a\u00e7t\u0131, \u00f6\u011frenciler bilgilendi&#8221;<br \/>\n<br \/>Etkinlikte Mu\u011fla \u0130l Jandarma Komutanl\u0131\u011f\u0131, \u0130l Emniyet M\u00fcd\u00fcrl\u00fc\u011f\u00fc, Mu\u011fla B\u00fcy\u00fck\u015fehir Belediyesi, Tar\u0131m ve Orman \u0130l M\u00fcd\u00fcrl\u00fc\u011f\u00fc, Sa\u011fl\u0131k \u0130l M\u00fcd\u00fcrl\u00fc\u011f\u00fc, \u0130leti\u015fim Ba\u015fkanl\u0131\u011f\u0131 gibi kamu kurumlar\u0131n\u0131n yan\u0131 s\u0131ra \u00e7e\u015fitli \u00f6zel sekt\u00f6r firmalar\u0131 ve sivil toplum kurulu\u015flar\u0131 stant a\u00e7t\u0131. Kurumlar, \u00f6\u011frencilerle ara\u00e7-gere\u00e7, faaliyet alanlar\u0131 ve istihdam imkanlar\u0131 hakk\u0131nda bilgi payla\u015f\u0131m\u0131nda bulundu.<\/p>\n<p>&#8220;Komando timleri ve dedekt\u00f6r k\u00f6pekler ilgi oda\u011f\u0131 oldu&#8221;<br \/>\n<br \/>Etkinlikte komando timleri, kulland\u0131klar\u0131 silah ve te\u00e7hizatlarla \u00f6\u011frencilerden b\u00fcy\u00fck ilgi g\u00f6rd\u00fc. Ayr\u0131ca hassas burunlu dedekt\u00f6r k\u00f6pekler ve jandarma ara\u00e7lar\u0131 da kat\u0131l\u0131mc\u0131lar taraf\u0131ndan yo\u011fun ilgiyle incelendi. Sa\u011fl\u0131k ekipleri ve 112 personelleri ise \u00f6\u011frencilere ilk yard\u0131m teknikleri hakk\u0131nda uygulamal\u0131 bilgi vererek fark\u0131ndal\u0131k sa\u011flad\u0131.<\/p>\n<p>&#8220;Rekt\u00f6r kat\u0131ld\u0131, \u00f6\u011frenciler DJ partisiyle e\u011flendi<br \/>\n<br \/>MSK\u00dc Rekt\u00f6r\u00fc Prof. Dr. Turhan Ka\u00e7ar ve Rekt\u00f6r Yard\u0131mc\u0131s\u0131 Prof. Dr. Mustafa G\u00f6k\u00e7e etkinlik alan\u0131n\u0131 gezerek kurum stantlar\u0131ndan bilgi ald\u0131. G\u00fcn boyu samimi bir atmosferde ge\u00e7en etkinlik, \u00f6\u011frencilerin hem mesleki bilgi edinmesine hem de sosyal ba\u011flant\u0131lar kurmas\u0131na imk\u00e2n sa\u011flad\u0131.<\/p>\n<p>Etkinli\u011fin ard\u0131ndan MSK\u00dc kamp\u00fcs\u00fc i\u00e7erisinde bulunan Ay I\u015f\u0131\u011f\u0131 Meydan\u0131\u2019nda, \u00f6\u011frencilerin yo\u011fun kat\u0131l\u0131m\u0131yla bir 90\u2019lar DJ Partisi d\u00fczenlendi. Renkli g\u00f6r\u00fcnt\u00fclere sahne olan etkinlik, m\u00fczik ve e\u011flence dolu anlarla sona erdi.<br \/><\/p>\n","protected":false},"excerpt":{"rendered":"<p>Mu\u011fla S\u0131tk\u0131 Ko\u00e7man \u00dcniversitesi (MSK\u00dc) Kariyer Planlama ve Mezunlarla \u0130li\u015fkiler Koordinat\u00f6rl\u00fc\u011f\u00fc taraf\u0131ndan, \u00f6\u011frencilerin kariyer planlamalar\u0131na katk\u0131 sa\u011flamak amac\u0131yla Atat\u00fcrk K\u00fclt\u00fcr Merkezi\u2019nde &#8220;\u00d6\u011frenci-Sekt\u00f6r Bulu\u015fmas\u0131&#8221; etkinli\u011fi d\u00fczenlendi. Etkinlikte, \u00f6zel sekt\u00f6r temsilcileri, kamu kurum ve kurulu\u015flar\u0131 ile sivil toplum kurulu\u015flar\u0131 bir araya gelerek, \u00f6rg\u00fcn \u00f6\u011fretim g\u00f6ren \u00f6\u011frenciler ile \u00fcniversite mezunlar\u0131yla tan\u0131\u015fma ve bilgi payla\u015f\u0131m\u0131 f\u0131rsat\u0131 buldu. \u00d6\u011frencilerin yo\u011fun&#8230;<\/p>\n","protected":false},"author":1,"featured_media":31900,"comment_status":"open","ping_status":"open","sticky":false,"template":"","format":"standard","meta":{"_crdt_document":"","footnotes":""},"categories":[1],"tags":[],"class_list":["post-31899","post","type-post","status-publish","format-standard","has-post-thumbnail","hentry","category-guncel"],"_links":{"self":[{"href":"https:\/\/www.egemtv.com\/index.php?rest_route=\/wp\/v2\/posts\/31899","targetHints":{"allow":["GET"]}}],"collection":[{"href":"https:\/\/www.egemtv.com\/index.php?rest_route=\/wp\/v2\/posts"}],"about":[{"href":"https:\/\/www.egemtv.com\/index.php?rest_route=\/wp\/v2\/types\/post"}],"author":[{"embeddable":true,"href":"https:\/\/www.egemtv.com\/index.php?rest_route=\/wp\/v2\/users\/1"}],"replies":[{"embeddable":true,"href":"https:\/\/www.egemtv.com\/index.php?rest_route=%2Fwp%2Fv2%2Fcomments&post=31899"}],"version-history":[{"count":1,"href":"https:\/\/www.egemtv.com\/index.php?rest_route=\/wp\/v2\/posts\/31899\/revisions"}],"predecessor-version":[{"id":31901,"href":"https:\/\/www.egemtv.com\/index.php?rest_route=\/wp\/v2\/posts\/31899\/revisions\/31901"}],"wp:featuredmedia":[{"embeddable":true,"href":"https:\/\/www.egemtv.com\/index.php?rest_route=\/wp\/v2\/media\/31900"}],"wp:attachment":[{"href":"https:\/\/www.egemtv.com\/index.php?rest_route=%2Fwp%2Fv2%2Fmedia&parent=31899"}],"wp:term":[{"taxonomy":"category","embeddable":true,"href":"https:\/\/www.egemtv.com\/index.php?rest_route=%2Fwp%2Fv2%2Fcategories&post=31899"},{"taxonomy":"post_tag","embeddable":true,"href":"https:\/\/www.egemtv.com\/index.php?rest_route=%2Fwp%2Fv2%2Ftags&post=31899"}],"curies":[{"name":"wp","href":"https:\/\/api.w.org\/{rel}","templated":true}]}}