{"id":31893,"date":"2025-05-28T10:56:18","date_gmt":"2025-05-28T07:56:18","guid":{"rendered":"https:\/\/www.egemtv.com\/?p=31893"},"modified":"2025-05-28T10:56:22","modified_gmt":"2025-05-28T07:56:22","slug":"18-yarimada-spor-oyunlarinda-heyecan-suruyor","status":"publish","type":"post","link":"https:\/\/www.egemtv.com\/?p=31893","title":{"rendered":"18. Yar\u0131mada Spor Oyunlar\u0131\u2019nda heyecan s\u00fcr\u00fcyor"},"content":{"rendered":"<p>\u0130zmir\u2019in \u00c7e\u015fme il\u00e7esi, spor tutkunlar\u0131n\u0131n bulu\u015fma noktas\u0131 olmaya devam ediyor. \u0130zmir Valili\u011fi, Gen\u00e7lik ve Spor \u0130l M\u00fcd\u00fcrl\u00fc\u011f\u00fc ile \u00c7e\u015fme Kaymakaml\u0131\u011f\u0131 koordinesinde d\u00fczenlenen 18. Yar\u0131mada Spor Oyunlar\u0131 ikinci g\u00fcn etkinlikleriyle b\u00fcy\u00fck ilgi g\u00f6rd\u00fc.<br \/>\n<br \/>Plaj voleybolu, plaj futbolu ve basketbol 3&#215;3 bran\u015flar\u0131nda yap\u0131lan kar\u015f\u0131la\u015fmalar sporcular\u0131n k\u0131yas\u0131ya m\u00fccadelesine sahne oldu. \u0130zleyicilerin b\u00fcy\u00fck ilgi g\u00f6sterdi\u011fi organizasyon, spor dolu anlar\u0131n yan\u0131 s\u0131ra e\u011flenceli g\u00f6r\u00fcnt\u00fclerle de dikkat \u00e7ekti.<\/p>\n<p>Paramotor slalom heyecan\u0131 ba\u015fl\u0131yor<br \/>\n<br \/>Bu y\u0131l organizasyona farkl\u0131 bir heyecan da eklendi. T\u00fcrkiye\u2019de ilk kez ger\u00e7ekle\u015ftirilecek olan Paramotor Slalom Yar\u0131\u015f\u0131, 28-29 May\u0131s 2025 tarihlerinde \u00c7e\u015fme Il\u0131ca Plaj\u0131\u2019nda yap\u0131lacak. R\u00fczgarla yar\u0131\u015facak sporcular\u0131n g\u00f6sterileri, izleyicilere adrenalin dolu anlar ya\u015fatacak.<br \/>\n<br \/>Sporun birle\u015ftirici g\u00fcc\u00fcn\u00fc yans\u0131tan Yar\u0131mada Spor Oyunlar\u0131, b\u00f6lge gen\u00e7li\u011fini bir araya getirirken, hem sporculara hem de izleyicilere unutulmaz anlar ya\u015fatmaya devam ediyor.<br \/><\/p>\n","protected":false},"excerpt":{"rendered":"<p>\u0130zmir\u2019in \u00c7e\u015fme il\u00e7esi, spor tutkunlar\u0131n\u0131n bulu\u015fma noktas\u0131 olmaya devam ediyor. \u0130zmir Valili\u011fi, Gen\u00e7lik ve Spor \u0130l M\u00fcd\u00fcrl\u00fc\u011f\u00fc ile \u00c7e\u015fme Kaymakaml\u0131\u011f\u0131 koordinesinde d\u00fczenlenen 18. Yar\u0131mada Spor Oyunlar\u0131 ikinci g\u00fcn etkinlikleriyle b\u00fcy\u00fck ilgi g\u00f6rd\u00fc. Plaj voleybolu, plaj futbolu ve basketbol 3&#215;3 bran\u015flar\u0131nda yap\u0131lan kar\u015f\u0131la\u015fmalar sporcular\u0131n k\u0131yas\u0131ya m\u00fccadelesine sahne oldu. \u0130zleyicilerin b\u00fcy\u00fck ilgi g\u00f6sterdi\u011fi organizasyon, spor dolu anlar\u0131n&#8230;<\/p>\n","protected":false},"author":1,"featured_media":31894,"comment_status":"open","ping_status":"open","sticky":false,"template":"","format":"standard","meta":{"_crdt_document":"","footnotes":""},"categories":[4],"tags":[],"class_list":["post-31893","post","type-post","status-publish","format-standard","has-post-thumbnail","hentry","category-spor"],"_links":{"self":[{"href":"https:\/\/www.egemtv.com\/index.php?rest_route=\/wp\/v2\/posts\/31893","targetHints":{"allow":["GET"]}}],"collection":[{"href":"https:\/\/www.egemtv.com\/index.php?rest_route=\/wp\/v2\/posts"}],"about":[{"href":"https:\/\/www.egemtv.com\/index.php?rest_route=\/wp\/v2\/types\/post"}],"author":[{"embeddable":true,"href":"https:\/\/www.egemtv.com\/index.php?rest_route=\/wp\/v2\/users\/1"}],"replies":[{"embeddable":true,"href":"https:\/\/www.egemtv.com\/index.php?rest_route=%2Fwp%2Fv2%2Fcomments&post=31893"}],"version-history":[{"count":1,"href":"https:\/\/www.egemtv.com\/index.php?rest_route=\/wp\/v2\/posts\/31893\/revisions"}],"predecessor-version":[{"id":31895,"href":"https:\/\/www.egemtv.com\/index.php?rest_route=\/wp\/v2\/posts\/31893\/revisions\/31895"}],"wp:featuredmedia":[{"embeddable":true,"href":"https:\/\/www.egemtv.com\/index.php?rest_route=\/wp\/v2\/media\/31894"}],"wp:attachment":[{"href":"https:\/\/www.egemtv.com\/index.php?rest_route=%2Fwp%2Fv2%2Fmedia&parent=31893"}],"wp:term":[{"taxonomy":"category","embeddable":true,"href":"https:\/\/www.egemtv.com\/index.php?rest_route=%2Fwp%2Fv2%2Fcategories&post=31893"},{"taxonomy":"post_tag","embeddable":true,"href":"https:\/\/www.egemtv.com\/index.php?rest_route=%2Fwp%2Fv2%2Ftags&post=31893"}],"curies":[{"name":"wp","href":"https:\/\/api.w.org\/{rel}","templated":true}]}}