{"id":31890,"date":"2025-05-28T10:56:17","date_gmt":"2025-05-28T07:56:17","guid":{"rendered":"https:\/\/www.egemtv.com\/?p=31890"},"modified":"2025-05-28T10:56:18","modified_gmt":"2025-05-28T07:56:18","slug":"is-yerleri-hirsizlari-36-ayri-kamera-incelemesiyle-yakalandi","status":"publish","type":"post","link":"https:\/\/www.egemtv.com\/?p=31890","title":{"rendered":"\u0130\u015f yerleri h\u0131rs\u0131zlar\u0131, 36 ayr\u0131 kamera incelemesiyle yakaland\u0131"},"content":{"rendered":"<p>\u0130zmir\u2019in Karaba\u011flar il\u00e7esinde i\u015f yerlerine dadanan, 3 ayr\u0131 i\u015fletmeden h\u0131rs\u0131zl\u0131k yapan 2 \u015f\u00fcpheli, polis ekiplerinin dikkatli takibi sonucu yakaland\u0131. Polis, 36 ayr\u0131 g\u00fcvenlik kameras\u0131 izleyerek \u015f\u00fcphelilerin izini s\u00fcrerken, g\u00f6zalt\u0131na al\u0131nan h\u0131rs\u0131zlar \u00e7\u0131kar\u0131ld\u0131klar\u0131 mahkemece tutukland\u0131.<br \/>\n<br \/>Karaba\u011flar Su\u00e7 \u00d6nleme ve Soru\u015fturma B\u00fcro Amirli\u011fi ekipleri, il\u00e7ede meydana gelen 3 ayr\u0131 i\u015f yerinden h\u0131rs\u0131zl\u0131k olay\u0131 ile ilgili \u00e7al\u0131\u015fma ba\u015flatt\u0131. G\u00fcvenlik kameras\u0131 g\u00f6r\u00fcnt\u00fclerinin incelenmesi sonucu kimlikleri belirlenen B.K. (20) ve U.\u0130.\u00d6.\u2019y\u00fc (27) yakalamak i\u00e7in harekete ge\u00e7en polis, 36 ayr\u0131 g\u00fcvenlik kameras\u0131 g\u00f6r\u00fcnt\u00fcs\u00fc izleyerek h\u0131rs\u0131zlar\u0131n izini s\u00fcrd\u00fc. Adresleri belirlenen 2 \u015f\u00fcpheli de ger\u00e7ekle\u015ftirilen operasyonla yakaland\u0131; \u00e7ald\u0131klar\u0131 t\u00fcm malzemeler de ele ge\u00e7irildi. Yap\u0131lan aramalarda, diz \u00fcst\u00fc bilgisayarlar\u0131, cep telefonlar\u0131 ve elektronik aletler ele ge\u00e7irildi.<br \/>\n<br \/>B.K. (20) ve U.\u0130.\u00d6. polis ekiplerince yakalan\u0131p g\u00f6zalt\u0131na al\u0131nd\u0131. Emniyetteki i\u015flemlerin ard\u0131ndan adliyeye sevk edilen \u015f\u00fcpheliler, \u00e7\u0131kar\u0131ld\u0131klar\u0131 mahkemece tutukland\u0131.<br \/><\/p>\n","protected":false},"excerpt":{"rendered":"<p>\u0130zmir\u2019in Karaba\u011flar il\u00e7esinde i\u015f yerlerine dadanan, 3 ayr\u0131 i\u015fletmeden h\u0131rs\u0131zl\u0131k yapan 2 \u015f\u00fcpheli, polis ekiplerinin dikkatli takibi sonucu yakaland\u0131. Polis, 36 ayr\u0131 g\u00fcvenlik kameras\u0131 izleyerek \u015f\u00fcphelilerin izini s\u00fcrerken, g\u00f6zalt\u0131na al\u0131nan h\u0131rs\u0131zlar \u00e7\u0131kar\u0131ld\u0131klar\u0131 mahkemece tutukland\u0131. Karaba\u011flar Su\u00e7 \u00d6nleme ve Soru\u015fturma B\u00fcro Amirli\u011fi ekipleri, il\u00e7ede meydana gelen 3 ayr\u0131 i\u015f yerinden h\u0131rs\u0131zl\u0131k olay\u0131 ile ilgili \u00e7al\u0131\u015fma ba\u015flatt\u0131&#8230;.<\/p>\n","protected":false},"author":1,"featured_media":31891,"comment_status":"open","ping_status":"open","sticky":false,"template":"","format":"standard","meta":{"_crdt_document":"","footnotes":""},"categories":[5],"tags":[],"class_list":["post-31890","post","type-post","status-publish","format-standard","has-post-thumbnail","hentry","category-asayis"],"_links":{"self":[{"href":"https:\/\/www.egemtv.com\/index.php?rest_route=\/wp\/v2\/posts\/31890","targetHints":{"allow":["GET"]}}],"collection":[{"href":"https:\/\/www.egemtv.com\/index.php?rest_route=\/wp\/v2\/posts"}],"about":[{"href":"https:\/\/www.egemtv.com\/index.php?rest_route=\/wp\/v2\/types\/post"}],"author":[{"embeddable":true,"href":"https:\/\/www.egemtv.com\/index.php?rest_route=\/wp\/v2\/users\/1"}],"replies":[{"embeddable":true,"href":"https:\/\/www.egemtv.com\/index.php?rest_route=%2Fwp%2Fv2%2Fcomments&post=31890"}],"version-history":[{"count":1,"href":"https:\/\/www.egemtv.com\/index.php?rest_route=\/wp\/v2\/posts\/31890\/revisions"}],"predecessor-version":[{"id":31892,"href":"https:\/\/www.egemtv.com\/index.php?rest_route=\/wp\/v2\/posts\/31890\/revisions\/31892"}],"wp:featuredmedia":[{"embeddable":true,"href":"https:\/\/www.egemtv.com\/index.php?rest_route=\/wp\/v2\/media\/31891"}],"wp:attachment":[{"href":"https:\/\/www.egemtv.com\/index.php?rest_route=%2Fwp%2Fv2%2Fmedia&parent=31890"}],"wp:term":[{"taxonomy":"category","embeddable":true,"href":"https:\/\/www.egemtv.com\/index.php?rest_route=%2Fwp%2Fv2%2Fcategories&post=31890"},{"taxonomy":"post_tag","embeddable":true,"href":"https:\/\/www.egemtv.com\/index.php?rest_route=%2Fwp%2Fv2%2Ftags&post=31890"}],"curies":[{"name":"wp","href":"https:\/\/api.w.org\/{rel}","templated":true}]}}