{"id":31887,"date":"2025-05-28T10:56:12","date_gmt":"2025-05-28T07:56:12","guid":{"rendered":"https:\/\/www.egemtv.com\/?p=31887"},"modified":"2025-05-28T10:56:17","modified_gmt":"2025-05-28T07:56:17","slug":"manisali-sporcu-balkan-sampiyonu-oldu","status":"publish","type":"post","link":"https:\/\/www.egemtv.com\/?p=31887","title":{"rendered":"Manisal\u0131 sporcu Balkan \u015eampiyonu oldu"},"content":{"rendered":"<p>Bosna Hersek\u2019te yap\u0131lan \u00dcmitler Balkan Judo \u015eampiyonas\u0131nda Manisa\u2019n\u0131n Salihli il\u00e7esi sporcular\u0131ndan G\u00fcner K\u0131ymet Diker +70 kiloda Balkan \u015eampiyonu olurken, M\u00fcr\u00fcvvet Nur \u00d6zkan ise +70 kiloda Balkan 3\u2019nc\u00fcs\u00fc oldu.<br \/>\n<br \/>\u00dcmitler Balkan Judo \u015eampiyonas\u0131 Bosna Hersek\u2019te d\u00fczenlendi. \u015eampiyonada +70 kiloda mindere \u00e7\u0131kan Salihlili sporcu G\u00fcner K\u0131ymet Diker, rakiplerini yenerek Balkan \u015eampiyonu oldu. Salihlili di\u011fer sporcu M\u00fcr\u00fcvvet Nur \u00d6zkan ise +70 kiloda Balkan 3\u2019nc\u00fcs\u00fc oldu.<br \/>\n<br \/>Diker, bu ba\u015far\u0131yla \u00fclkemize ve Salihli\u2019ye alt\u0131n madalya kazand\u0131r\u0131rken, \u00d6zkan ise bronz madalya kazand\u0131rd\u0131.<br \/>\n<br \/>Salihli \u0130l\u00e7e Gen\u00e7lik ve Spor M\u00fcd\u00fcr\u00fc Oktay Ayaz, Balkan \u015eampiyonu G\u00fcner K\u0131ymet Diker ve Balkan 3\u2019nc\u00fcs\u00fc M\u00fcr\u00fcvvet Nur \u00d6zkan\u2019\u0131 ba\u015far\u0131lar\u0131ndan dolay\u0131 tebrik etti.<br \/><\/p>\n","protected":false},"excerpt":{"rendered":"<p>Bosna Hersek\u2019te yap\u0131lan \u00dcmitler Balkan Judo \u015eampiyonas\u0131nda Manisa\u2019n\u0131n Salihli il\u00e7esi sporcular\u0131ndan G\u00fcner K\u0131ymet Diker +70 kiloda Balkan \u015eampiyonu olurken, M\u00fcr\u00fcvvet Nur \u00d6zkan ise +70 kiloda Balkan 3\u2019nc\u00fcs\u00fc oldu. \u00dcmitler Balkan Judo \u015eampiyonas\u0131 Bosna Hersek\u2019te d\u00fczenlendi. \u015eampiyonada +70 kiloda mindere \u00e7\u0131kan Salihlili sporcu G\u00fcner K\u0131ymet Diker, rakiplerini yenerek Balkan \u015eampiyonu oldu. Salihlili di\u011fer sporcu M\u00fcr\u00fcvvet Nur&#8230;<\/p>\n","protected":false},"author":1,"featured_media":31888,"comment_status":"open","ping_status":"open","sticky":false,"template":"","format":"standard","meta":{"_crdt_document":"","footnotes":""},"categories":[4],"tags":[],"class_list":["post-31887","post","type-post","status-publish","format-standard","has-post-thumbnail","hentry","category-spor"],"_links":{"self":[{"href":"https:\/\/www.egemtv.com\/index.php?rest_route=\/wp\/v2\/posts\/31887","targetHints":{"allow":["GET"]}}],"collection":[{"href":"https:\/\/www.egemtv.com\/index.php?rest_route=\/wp\/v2\/posts"}],"about":[{"href":"https:\/\/www.egemtv.com\/index.php?rest_route=\/wp\/v2\/types\/post"}],"author":[{"embeddable":true,"href":"https:\/\/www.egemtv.com\/index.php?rest_route=\/wp\/v2\/users\/1"}],"replies":[{"embeddable":true,"href":"https:\/\/www.egemtv.com\/index.php?rest_route=%2Fwp%2Fv2%2Fcomments&post=31887"}],"version-history":[{"count":1,"href":"https:\/\/www.egemtv.com\/index.php?rest_route=\/wp\/v2\/posts\/31887\/revisions"}],"predecessor-version":[{"id":31889,"href":"https:\/\/www.egemtv.com\/index.php?rest_route=\/wp\/v2\/posts\/31887\/revisions\/31889"}],"wp:featuredmedia":[{"embeddable":true,"href":"https:\/\/www.egemtv.com\/index.php?rest_route=\/wp\/v2\/media\/31888"}],"wp:attachment":[{"href":"https:\/\/www.egemtv.com\/index.php?rest_route=%2Fwp%2Fv2%2Fmedia&parent=31887"}],"wp:term":[{"taxonomy":"category","embeddable":true,"href":"https:\/\/www.egemtv.com\/index.php?rest_route=%2Fwp%2Fv2%2Fcategories&post=31887"},{"taxonomy":"post_tag","embeddable":true,"href":"https:\/\/www.egemtv.com\/index.php?rest_route=%2Fwp%2Fv2%2Ftags&post=31887"}],"curies":[{"name":"wp","href":"https:\/\/api.w.org\/{rel}","templated":true}]}}