{"id":31881,"date":"2025-05-28T10:35:31","date_gmt":"2025-05-28T07:35:31","guid":{"rendered":"https:\/\/www.egemtv.com\/?p=31881"},"modified":"2025-05-28T10:35:32","modified_gmt":"2025-05-28T07:35:32","slug":"aydinda-egitim-camiasinin-aci-gunu","status":"publish","type":"post","link":"https:\/\/www.egemtv.com\/?p=31881","title":{"rendered":"Ayd\u0131n\u2019da e\u011fitim camias\u0131n\u0131n ac\u0131 g\u00fcn\u00fc"},"content":{"rendered":"<p>Ayd\u0131n\u2019\u0131n Efeler il\u00e7esinde matematik \u00f6\u011fretmenli\u011fi yapan Emin Ers\u00f6z tedavi g\u00f6rd\u00fc\u011f\u00fc hastanede hayat\u0131n\u0131 kaybetti.<\/p>\n<p>Efeler il\u00e7esinde bulunan Osman Yozgatl\u0131 Ortaokulu Matematik \u00d6\u011fretmeni Emin Ers\u00f6z bir s\u00fcredir ya\u015fad\u0131\u011f\u0131 rahats\u0131zl\u0131\u011fa ba\u011fl\u0131 olarak hastanede tedavi g\u00f6r\u00fcyordu. Durumu a\u011f\u0131rla\u015fan Ers\u00f6z doktorlar\u0131n t\u00fcm \u00e7abalar\u0131na ra\u011fmen kurtar\u0131lamad\u0131. Ers\u00f6z\u2019\u00fcn \u00f6l\u00fcm haberi ailesi ve e\u011fitim camias\u0131 ba\u015fta olmak \u00fczere t\u00fcm sevenlerini \u00fczd\u00fc. Evli ve iki \u00e7ocuk babas\u0131 olan Ers\u00f6z\u2019\u00fcn 28 May\u0131s \u00c7ar\u015famba g\u00fcn\u00fc Karde\u015fk\u00f6y Kazak Camisi\u2019nde \u00f6\u011fle namaz\u0131na m\u00fcteakip k\u0131l\u0131nacak olan cenaze namaz\u0131n\u0131n ard\u0131ndan Karde\u015fk\u00f6y Mezarl\u0131\u011f\u0131\u2019nda topra\u011fa verilece\u011fi \u00f6\u011frenildi.<br \/><\/p>\n","protected":false},"excerpt":{"rendered":"<p>Ayd\u0131n\u2019\u0131n Efeler il\u00e7esinde matematik \u00f6\u011fretmenli\u011fi yapan Emin Ers\u00f6z tedavi g\u00f6rd\u00fc\u011f\u00fc hastanede hayat\u0131n\u0131 kaybetti. Efeler il\u00e7esinde bulunan Osman Yozgatl\u0131 Ortaokulu Matematik \u00d6\u011fretmeni Emin Ers\u00f6z bir s\u00fcredir ya\u015fad\u0131\u011f\u0131 rahats\u0131zl\u0131\u011fa ba\u011fl\u0131 olarak hastanede tedavi g\u00f6r\u00fcyordu. Durumu a\u011f\u0131rla\u015fan Ers\u00f6z doktorlar\u0131n t\u00fcm \u00e7abalar\u0131na ra\u011fmen kurtar\u0131lamad\u0131. Ers\u00f6z\u2019\u00fcn \u00f6l\u00fcm haberi ailesi ve e\u011fitim camias\u0131 ba\u015fta olmak \u00fczere t\u00fcm sevenlerini \u00fczd\u00fc. Evli ve&#8230;<\/p>\n","protected":false},"author":1,"featured_media":31882,"comment_status":"open","ping_status":"open","sticky":false,"template":"","format":"standard","meta":{"_crdt_document":"","footnotes":""},"categories":[1],"tags":[],"class_list":["post-31881","post","type-post","status-publish","format-standard","has-post-thumbnail","hentry","category-guncel"],"_links":{"self":[{"href":"https:\/\/www.egemtv.com\/index.php?rest_route=\/wp\/v2\/posts\/31881","targetHints":{"allow":["GET"]}}],"collection":[{"href":"https:\/\/www.egemtv.com\/index.php?rest_route=\/wp\/v2\/posts"}],"about":[{"href":"https:\/\/www.egemtv.com\/index.php?rest_route=\/wp\/v2\/types\/post"}],"author":[{"embeddable":true,"href":"https:\/\/www.egemtv.com\/index.php?rest_route=\/wp\/v2\/users\/1"}],"replies":[{"embeddable":true,"href":"https:\/\/www.egemtv.com\/index.php?rest_route=%2Fwp%2Fv2%2Fcomments&post=31881"}],"version-history":[{"count":1,"href":"https:\/\/www.egemtv.com\/index.php?rest_route=\/wp\/v2\/posts\/31881\/revisions"}],"predecessor-version":[{"id":31883,"href":"https:\/\/www.egemtv.com\/index.php?rest_route=\/wp\/v2\/posts\/31881\/revisions\/31883"}],"wp:featuredmedia":[{"embeddable":true,"href":"https:\/\/www.egemtv.com\/index.php?rest_route=\/wp\/v2\/media\/31882"}],"wp:attachment":[{"href":"https:\/\/www.egemtv.com\/index.php?rest_route=%2Fwp%2Fv2%2Fmedia&parent=31881"}],"wp:term":[{"taxonomy":"category","embeddable":true,"href":"https:\/\/www.egemtv.com\/index.php?rest_route=%2Fwp%2Fv2%2Fcategories&post=31881"},{"taxonomy":"post_tag","embeddable":true,"href":"https:\/\/www.egemtv.com\/index.php?rest_route=%2Fwp%2Fv2%2Ftags&post=31881"}],"curies":[{"name":"wp","href":"https:\/\/api.w.org\/{rel}","templated":true}]}}